{"id":21479,"date":"2008-07-03T17:05:05","date_gmt":"2008-07-03T17:05:05","guid":{"rendered":"https:\/\/obscom.intervozes.org.br\/wordpress\/?p=21479"},"modified":"2008-07-03T17:05:05","modified_gmt":"2008-07-03T17:05:05","slug":"ministros-de-paises-nao-alinhados-discutem-comunicacao-na-venezuela","status":"publish","type":"post","link":"https:\/\/obscom.intervozes.org.br\/?p=21479","title":{"rendered":"Ministros de pa\u00edses n\u00e3o-alinhados discutem comunica\u00e7\u00e3o na Venezuela"},"content":{"rendered":"<p>   \t \t \t \t \t \t \t<!-- \t\t@page { margin: 2cm } \t\tP { margin-bottom: 0.21cm } \t--> \t  <\/p>\n<p style=\"margin-bottom: 0.5cm\" class=\"western padrao\">Come&ccedil;ou ontem (2\/7), em Isla Margarita (Venezuela),a VII Confer&ecirc;ncia dos Ministros de Comunica&ccedil;&atilde;o do Movimento de Pa&iacute;ses N&atilde;o-Alinhados. Representantes de 90 das 117 na&ccedil;&otilde;es integrantes  do MNOAL participam do encontro, que termina amanh&atilde; (4\/7) e tem como objetivo debater a cria&ccedil;&atilde;o de novos mecanismos de comunica&ccedil;&atilde;o que possam fazer frente aos desafios da concentra&ccedil;&atilde;o e da manipula&ccedil;&atilde;o midi&aacute;tica.<\/p>\n<p>O MNOAL foi criado durante o apogeu da Guerra Fria. Hoje, sua composi&ccedil;&atilde;o se d&aacute; especialmente por pa&iacute;ses em desenvolvimento da Am&eacute;rica Latina, &Aacute;frica e Sudeste Asi&aacute;tico.<\/p>\n<p><em>Com informa&ccedil;&otilde;es do site da TeleSur<\/em><\/p>\n","protected":false},"excerpt":{"rendered":"<p>Come&ccedil;ou ontem (2\/7), em Isla Margarita (Venezuela),a VII Confer&ecirc;ncia dos Ministros de Comunica&ccedil;&atilde;o do Movimento de Pa&iacute;ses N&atilde;o-Alinhados. Representantes de 90 das 117 na&ccedil;&otilde;es integrantes do MNOAL participam do encontro, que termina amanh&atilde; (4\/7) e tem como objetivo debater a cria&ccedil;&atilde;o de novos mecanismos de comunica&ccedil;&atilde;o que possam fazer frente aos desafios da concentra&ccedil;&atilde;o e &hellip; <a href=\"https:\/\/obscom.intervozes.org.br\/?p=21479\" class=\"more-link\">Continue lendo <span class=\"screen-reader-text\">Ministros de pa\u00edses n\u00e3o-alinhados discutem comunica\u00e7\u00e3o na Venezuela<\/span> <span class=\"meta-nav\">&rarr;<\/span><\/a><\/p>\n","protected":false},"author":1,"featured_media":0,"comment_status":"open","ping_status":"open","sticky":false,"template":"","format":"standard","meta":{"footnotes":""},"categories":[39],"tags":[],"_links":{"self":[{"href":"https:\/\/obscom.intervozes.org.br\/index.php?rest_route=\/wp\/v2\/posts\/21479"}],"collection":[{"href":"https:\/\/obscom.intervozes.org.br\/index.php?rest_route=\/wp\/v2\/posts"}],"about":[{"href":"https:\/\/obscom.intervozes.org.br\/index.php?rest_route=\/wp\/v2\/types\/post"}],"author":[{"embeddable":true,"href":"https:\/\/obscom.intervozes.org.br\/index.php?rest_route=\/wp\/v2\/users\/1"}],"replies":[{"embeddable":true,"href":"https:\/\/obscom.intervozes.org.br\/index.php?rest_route=%2Fwp%2Fv2%2Fcomments&post=21479"}],"version-history":[{"count":0,"href":"https:\/\/obscom.intervozes.org.br\/index.php?rest_route=\/wp\/v2\/posts\/21479\/revisions"}],"wp:attachment":[{"href":"https:\/\/obscom.intervozes.org.br\/index.php?rest_route=%2Fwp%2Fv2%2Fmedia&parent=21479"}],"wp:term":[{"taxonomy":"category","embeddable":true,"href":"https:\/\/obscom.intervozes.org.br\/index.php?rest_route=%2Fwp%2Fv2%2Fcategories&post=21479"},{"taxonomy":"post_tag","embeddable":true,"href":"https:\/\/obscom.intervozes.org.br\/index.php?rest_route=%2Fwp%2Fv2%2Ftags&post=21479"}],"curies":[{"name":"wp","href":"https:\/\/api.w.org\/{rel}","templated":true}]}}