{"id":21472,"date":"2008-07-02T19:04:22","date_gmt":"2008-07-02T19:04:22","guid":{"rendered":"https:\/\/obscom.intervozes.org.br\/wordpress\/?p=21472"},"modified":"2008-07-02T19:04:22","modified_gmt":"2008-07-02T19:04:22","slug":"santanna-do-ministerio-do-planejamento-defende-reserva-de-frequencia-para-rede-social","status":"publish","type":"post","link":"https:\/\/obscom.intervozes.org.br\/?p=21472","title":{"rendered":"Santanna, do Minist\u00e9rio do Planejamento, defende reserva de freq\u00fc\u00eancia para rede social"},"content":{"rendered":"<p style=\"margin-bottom: 0cm; page-break-before: always\" class=\"western\">O titular da Secretaria de Log&iacute;stica e Tecnologia da Informa&ccedil;&atilde;o (SLTI) do Minist&eacute;rio do Planejamento, Rog&eacute;rio Santanna, defendeu hoje que a Anatel reserve uma faixa de freq&uuml;&ecirc;ncia do espectro do WiMAX para uma rede social, que atenderia as camadas da popula&ccedil;&atilde;o residentes em &aacute;reas n&atilde;o atendidas pelas operadoras porque t&ecirc;m uma baixa densidade populacional ou porque concentram uma popula&ccedil;&atilde;o de baixo poder aquisitivo. &ldquo;Eu tenho defendido no governo a cria&ccedil;&atilde;o de um plano nacional de banda larga como a principal infra-estrutura que o pa&iacute;s deve construir nos pr&oacute;ximos anos&rdquo;, afirmou Santanna, durante os debates realizados no 14&ordm; Encontro Tele.S&iacute;ntese, que discutiram as alternativas de modelagem das licen&ccedil;as de WiMAX.<\/p>\n<p>A rede poderia ser uma op&ccedil;&atilde;o para o pr&oacute;prio governo &ldquo;desmaterializar os servi&ccedil;os que oferece, tornando-os mais eficazes e, de outro lado, essa mesma infra-estrutura poderia ser usada para neg&oacute;cios&rdquo;, sugeriu Santanna. O secret&aacute;rio avalia que o principal &ldquo;n&oacute;&rdquo; no setor de telecomunica&ccedil;&otilde;es &eacute; a &uacute;ltima milha e que uma rede social, com tecnologia WiMAX, pode ser a solu&ccedil;&atilde;o do acesso em banda larga a custos menores que os praticados atualmente no mercado.<\/p>\n<p>&ldquo;Essa rede comunit&aacute;ria de servi&ccedil;o p&uacute;blico funcionaria como uma esp&eacute;cie de grid computing (conceito que explora as potencialidades das redes de computadores), adotando o princ&iacute;pio de S&atilde;o Francisco de Aassis, ou seja, &eacute; dando que se recebe&rdquo;, afirmou Santanna, sugerindo a cria&ccedil;&atilde;o de protocolo de rede com infra-estrutura cooperativa e compartilhada. &ldquo;Ningu&eacute;m seria dono e todos usariam a rede de forma compartilhada&rdquo;, destacou, acrescentando que j&aacute; conversou a respeito com t&eacute;cnicos da Anatel. &ldquo;Temos um paradoxo que &eacute; a escassez de espectro e, ao mesmo tempo, a ociosidade de ocupa&ccedil;&atilde;o, por isso &eacute; preciso encontrar uma forma de gerir melhor o espectro&rdquo;, concluiu. <\/p>\n<p>Para implementar o modelo, tanto no interior quanto nas periferias das grandes cidades, Santanna planeja realizar pesquisas de modelagem do protocolo, junto com universidades e com empresas que tenham interesse no assunto. &ldquo;Tendo uma solu&ccedil;&atilde;o, escolhemos algumas cidades para fazer pilotos, porque n&atilde;o &eacute; um processo simples e precisa ser testado em campo&rdquo;, afirmou. O secret&aacute;rio tamb&eacute;m enfatizou que &eacute; importante estabelecer alguns requisitos, destacando que um deles &eacute; escolher a faixa de freq&uuml;&ecirc;ncia para a qual haver&aacute; oferta massiva de equipamentos e dispositivos com software que permitam a implementa&ccedil;&atilde;o de um protocolo grid. <\/p>\n<p>Segundo Jarbas Valente, superintendente de servi&ccedil;os privados da Anatel, na modelagem em tudo para as licen&ccedil;as do WiMAX est&atilde;o previstas freq&uuml;&ecirc;ncias para uso social. Provavelmente, seria uma ou mais faixas de 5MHz, n&atilde;o licenciadas, para serem aplicadas a esse tipo de uso p&uacute;blico. &quot;Estamos alinhados nessa proposta&quot;, afirmou Valente, informando que da forma como o modelo est&aacute; sendo constru&iacute;do essas faixas poderiam atender tanto as cidades pequenas, com menos de 30 mil habitantes e de baixa atratividade econ&ocirc;mica, como os entornos das grandes cidades, como as favelas e bairros de muito baixa renda, onde n&atilde;o h&aacute; oferta de banda larga.<\/p>\n","protected":false},"excerpt":{"rendered":"<p>O titular da Secretaria de Log&iacute;stica e Tecnologia da Informa&ccedil;&atilde;o (SLTI) do Minist&eacute;rio do Planejamento, Rog&eacute;rio Santanna, defendeu hoje que a Anatel reserve uma faixa de freq&uuml;&ecirc;ncia do espectro do WiMAX para uma rede social, que atenderia as camadas da popula&ccedil;&atilde;o residentes em &aacute;reas n&atilde;o atendidas pelas operadoras porque t&ecirc;m uma baixa densidade populacional ou &hellip; <a href=\"https:\/\/obscom.intervozes.org.br\/?p=21472\" class=\"more-link\">Continue lendo <span class=\"screen-reader-text\">Santanna, do Minist\u00e9rio do Planejamento, defende reserva de freq\u00fc\u00eancia para rede social<\/span> <span class=\"meta-nav\">&rarr;<\/span><\/a><\/p>\n","protected":false},"author":1,"featured_media":0,"comment_status":"open","ping_status":"open","sticky":false,"template":"","format":"standard","meta":{"footnotes":""},"categories":[40],"tags":[438],"_links":{"self":[{"href":"https:\/\/obscom.intervozes.org.br\/index.php?rest_route=\/wp\/v2\/posts\/21472"}],"collection":[{"href":"https:\/\/obscom.intervozes.org.br\/index.php?rest_route=\/wp\/v2\/posts"}],"about":[{"href":"https:\/\/obscom.intervozes.org.br\/index.php?rest_route=\/wp\/v2\/types\/post"}],"author":[{"embeddable":true,"href":"https:\/\/obscom.intervozes.org.br\/index.php?rest_route=\/wp\/v2\/users\/1"}],"replies":[{"embeddable":true,"href":"https:\/\/obscom.intervozes.org.br\/index.php?rest_route=%2Fwp%2Fv2%2Fcomments&post=21472"}],"version-history":[{"count":0,"href":"https:\/\/obscom.intervozes.org.br\/index.php?rest_route=\/wp\/v2\/posts\/21472\/revisions"}],"wp:attachment":[{"href":"https:\/\/obscom.intervozes.org.br\/index.php?rest_route=%2Fwp%2Fv2%2Fmedia&parent=21472"}],"wp:term":[{"taxonomy":"category","embeddable":true,"href":"https:\/\/obscom.intervozes.org.br\/index.php?rest_route=%2Fwp%2Fv2%2Fcategories&post=21472"},{"taxonomy":"post_tag","embeddable":true,"href":"https:\/\/obscom.intervozes.org.br\/index.php?rest_route=%2Fwp%2Fv2%2Ftags&post=21472"}],"curies":[{"name":"wp","href":"https:\/\/api.w.org\/{rel}","templated":true}]}}