{"id":21468,"date":"2008-07-02T18:24:37","date_gmt":"2008-07-02T18:24:37","guid":{"rendered":"https:\/\/obscom.intervozes.org.br\/wordpress\/?p=21468"},"modified":"2008-07-02T18:24:37","modified_gmt":"2008-07-02T18:24:37","slug":"bittar-adia-votacao-do-pl-29-para-fazer-mudancas-nas-cotas-de-canais-nacionais","status":"publish","type":"post","link":"https:\/\/obscom.intervozes.org.br\/?p=21468","title":{"rendered":"Bittar adia vota\u00e7\u00e3o do PL-29 para fazer mudan\u00e7as nas cotas de canais nacionais"},"content":{"rendered":"<p>   \t \t \t \t \t \t \t<!-- \t\t@page { margin: 2cm } \t\tTD P { margin-bottom: 0cm } \t\tP { margin-bottom: 0.21cm } \t--> \t      <\/p>\n<p class=\"western\">Como j&aacute; era esperado, o Projeto de Lei 29\/07,que unifica a regulamenta&ccedil;&atilde;o da TV paga, n&atilde;o foi apreciado na sess&atilde;o desta quarta-feira (2\/7) pela Comiss&atilde;o de Ci&ecirc;ncia e Tecnologia, Comunica&ccedil;&atilde;o e Inform&aacute;tica da C&acirc;mara. O novo adiamento &ndash; o quarto seguido &ndash; praticamente inviabiliza a aprova&ccedil;&atilde;o do projeto na comiss&atilde;o antes do recesso parlamentar, marcado para come&ccedil;ar no dia 17.<\/p>\n<p>Desta vez, n&atilde;o foram as discord&acirc;ncias entre os deputados que provocaram o adiamento. Por solicita&ccedil;&atilde;o do relator da mat&eacute;ria, deputado Jorge Bittar (PT-RJ), o projeto foi retirado da pauta da sess&atilde;o ordin&aacute;ria da CCTCI.<\/p>\n<p> Bittar que fazer novas modifica&ccedil;&otilde;es no texto do PL, agora para incluir um conjunto de propostas de mudan&ccedil;as no texto encaminhadas pelas emissoras de TV Bandeirantes e Record, o Grupo Abril e tamb&eacute;m a Associa&ccedil;&atilde;o Brasileira de Produtoras Independentes de Televis&atilde;o (ABPI-TV) e Congresso Brasileiro de Cinema (CBC).<\/p>\n<p>As propostas basicamente ampliam a cota de canais nacionais dentro dos pacotes (de 10 para 12) e estabelecem regras que diversificam a origem destes canais. O grupo prop&otilde;e que n&atilde;o seja permitido a uma mesma programadora ter mais do que 25% dos canais contabilizados para preenchimento da cota. <\/p>\n<p>Os itens apresentados pelas emissoras e pelos produtores independentes batem de frente com os interesses da Globo, que atrav&eacute;s da sua dupla presen&ccedil;a na Net e na Globosat controla o n&uacute;mero de canais nacionais dentro dos pacotes oferecidos pela maior operadora de TV paga do pa&iacute;s.<\/p>\n<p><em>Com informa&ccedil;&otilde;es da Tele.S&iacute;ntese e do TelaViva News<\/em><\/p>\n","protected":false},"excerpt":{"rendered":"<p>Como j&aacute; era esperado, o Projeto de Lei 29\/07,que unifica a regulamenta&ccedil;&atilde;o da TV paga, n&atilde;o foi apreciado na sess&atilde;o desta quarta-feira (2\/7) pela Comiss&atilde;o de Ci&ecirc;ncia e Tecnologia, Comunica&ccedil;&atilde;o e Inform&aacute;tica da C&acirc;mara. O novo adiamento &ndash; o quarto seguido &ndash; praticamente inviabiliza a aprova&ccedil;&atilde;o do projeto na comiss&atilde;o antes do recesso parlamentar, marcado &hellip; <a href=\"https:\/\/obscom.intervozes.org.br\/?p=21468\" class=\"more-link\">Continue lendo <span class=\"screen-reader-text\">Bittar adia vota\u00e7\u00e3o do PL-29 para fazer mudan\u00e7as nas cotas de canais nacionais<\/span> <span class=\"meta-nav\">&rarr;<\/span><\/a><\/p>\n","protected":false},"author":1,"featured_media":0,"comment_status":"open","ping_status":"open","sticky":false,"template":"","format":"standard","meta":{"footnotes":""},"categories":[39],"tags":[],"_links":{"self":[{"href":"https:\/\/obscom.intervozes.org.br\/index.php?rest_route=\/wp\/v2\/posts\/21468"}],"collection":[{"href":"https:\/\/obscom.intervozes.org.br\/index.php?rest_route=\/wp\/v2\/posts"}],"about":[{"href":"https:\/\/obscom.intervozes.org.br\/index.php?rest_route=\/wp\/v2\/types\/post"}],"author":[{"embeddable":true,"href":"https:\/\/obscom.intervozes.org.br\/index.php?rest_route=\/wp\/v2\/users\/1"}],"replies":[{"embeddable":true,"href":"https:\/\/obscom.intervozes.org.br\/index.php?rest_route=%2Fwp%2Fv2%2Fcomments&post=21468"}],"version-history":[{"count":0,"href":"https:\/\/obscom.intervozes.org.br\/index.php?rest_route=\/wp\/v2\/posts\/21468\/revisions"}],"wp:attachment":[{"href":"https:\/\/obscom.intervozes.org.br\/index.php?rest_route=%2Fwp%2Fv2%2Fmedia&parent=21468"}],"wp:term":[{"taxonomy":"category","embeddable":true,"href":"https:\/\/obscom.intervozes.org.br\/index.php?rest_route=%2Fwp%2Fv2%2Fcategories&post=21468"},{"taxonomy":"post_tag","embeddable":true,"href":"https:\/\/obscom.intervozes.org.br\/index.php?rest_route=%2Fwp%2Fv2%2Ftags&post=21468"}],"curies":[{"name":"wp","href":"https:\/\/api.w.org\/{rel}","templated":true}]}}