{"id":21463,"date":"2008-07-01T13:36:54","date_gmt":"2008-07-01T13:36:54","guid":{"rendered":"https:\/\/obscom.intervozes.org.br\/wordpress\/?p=21463"},"modified":"2008-07-01T13:36:54","modified_gmt":"2008-07-01T13:36:54","slug":"justica-revoga-ordem-que-proibiu-publicacao-de-materia-no-jornal-da-tarde","status":"publish","type":"post","link":"https:\/\/obscom.intervozes.org.br\/?p=21463","title":{"rendered":"Justi\u00e7a revoga ordem que proibiu publica\u00e7\u00e3o de mat\u00e9ria no Jornal da Tarde"},"content":{"rendered":"<p>   \t \t \t \t \t \t \t<!-- \t\t@page { margin: 2cm } \t\tP { margin-bottom: 0.21cm } \t--> \t  <\/p>\n<p style=\"page-break-before: always\" class=\"western\">A Justi&ccedil;a Federal de S&atilde;o Paulo suspendeu a ordem judicial que proibia o <em>Jornal da Tarde<\/em> de publicar reportagem sobre poss&iacute;veis irregularidades no Conselho Regional de Medicina do Estado de S&atilde;o Paulo (Cremesp). A decis&atilde;o, tomada na sexta-feira, se deu em decorr&ecirc;ncia do pedido feito pelo pr&oacute;prio Cremesp para extin&ccedil;&atilde;o da a&ccedil;&atilde;o. O Conselho desistiu da a&ccedil;&atilde;o devido &agrave; repercuss&atilde;o negativa do caso.<\/p>\n<p>Ainda assim, o caso serviu de mote para encontro realizado ontem (segunda-feira, 30\/6) entre representantes da Ordem dos Advogados do Brasil (OAB) e da Associa&ccedil;&atilde;o Nacional dos Jornais (ANJ). As duas entidades devem definir um grupo de trabalho para discutir os recentes casos de &ldquo;censura &agrave; liberdade de imprensa&rdquo; que aconteceram no Pa&iacute;s. O grupo dever&aacute; subsidiar o debate sobre o tema no 20&ordf; Confer&ecirc;ncia Nacional dos Advogados, que acontece em novembro, em Natal (RN).<\/p>\n<p><em>Com informa&ccedil;&otilde;es do site Comunique-se<\/em><\/p>\n","protected":false},"excerpt":{"rendered":"<p>A Justi&ccedil;a Federal de S&atilde;o Paulo suspendeu a ordem judicial que proibia o Jornal da Tarde de publicar reportagem sobre poss&iacute;veis irregularidades no Conselho Regional de Medicina do Estado de S&atilde;o Paulo (Cremesp). A decis&atilde;o, tomada na sexta-feira, se deu em decorr&ecirc;ncia do pedido feito pelo pr&oacute;prio Cremesp para extin&ccedil;&atilde;o da a&ccedil;&atilde;o. O Conselho desistiu &hellip; <a href=\"https:\/\/obscom.intervozes.org.br\/?p=21463\" class=\"more-link\">Continue lendo <span class=\"screen-reader-text\">Justi\u00e7a revoga ordem que proibiu publica\u00e7\u00e3o de mat\u00e9ria no Jornal da Tarde<\/span> <span class=\"meta-nav\">&rarr;<\/span><\/a><\/p>\n","protected":false},"author":1,"featured_media":0,"comment_status":"open","ping_status":"open","sticky":false,"template":"","format":"standard","meta":{"footnotes":""},"categories":[39],"tags":[],"_links":{"self":[{"href":"https:\/\/obscom.intervozes.org.br\/index.php?rest_route=\/wp\/v2\/posts\/21463"}],"collection":[{"href":"https:\/\/obscom.intervozes.org.br\/index.php?rest_route=\/wp\/v2\/posts"}],"about":[{"href":"https:\/\/obscom.intervozes.org.br\/index.php?rest_route=\/wp\/v2\/types\/post"}],"author":[{"embeddable":true,"href":"https:\/\/obscom.intervozes.org.br\/index.php?rest_route=\/wp\/v2\/users\/1"}],"replies":[{"embeddable":true,"href":"https:\/\/obscom.intervozes.org.br\/index.php?rest_route=%2Fwp%2Fv2%2Fcomments&post=21463"}],"version-history":[{"count":0,"href":"https:\/\/obscom.intervozes.org.br\/index.php?rest_route=\/wp\/v2\/posts\/21463\/revisions"}],"wp:attachment":[{"href":"https:\/\/obscom.intervozes.org.br\/index.php?rest_route=%2Fwp%2Fv2%2Fmedia&parent=21463"}],"wp:term":[{"taxonomy":"category","embeddable":true,"href":"https:\/\/obscom.intervozes.org.br\/index.php?rest_route=%2Fwp%2Fv2%2Fcategories&post=21463"},{"taxonomy":"post_tag","embeddable":true,"href":"https:\/\/obscom.intervozes.org.br\/index.php?rest_route=%2Fwp%2Fv2%2Ftags&post=21463"}],"curies":[{"name":"wp","href":"https:\/\/api.w.org\/{rel}","templated":true}]}}