{"id":21460,"date":"2008-07-01T13:07:04","date_gmt":"2008-07-01T13:07:04","guid":{"rendered":"https:\/\/obscom.intervozes.org.br\/wordpress\/?p=21460"},"modified":"2008-07-01T13:07:04","modified_gmt":"2008-07-01T13:07:04","slug":"ministerio-prorroga-prazo-para-que-tvs-adaptem-programacao-para-cegos","status":"publish","type":"post","link":"https:\/\/obscom.intervozes.org.br\/?p=21460","title":{"rendered":"Minist\u00e9rio prorroga prazo para que TVs adaptem programa\u00e7\u00e3o para cegos"},"content":{"rendered":"<p>   \t \t \t \t \t \t \t<!-- \t\t@page { margin: 2cm } \t\tP { margin-bottom: 0.21cm } \t--> \t   <\/p>\n<p style=\"margin-bottom: 0cm\" class=\"western\"><u><strong>Reproduzido da coluna Outro Canal, da Folha de S. Paulo<\/strong><\/u><\/p>\n<p>O ministro das Comunica&ccedil;&otilde;es, H&eacute;lio Costa, suspendeu ontem dispositivo legal que obrigava as emissoras de TV, desde a &uacute;ltima sexta-feira, a irradiarem pelo menos duas horas di&aacute;rias de programa&ccedil;&atilde;o com narra&ccedil;&atilde;o para cegos. Costa atendeu a pedido das redes, que alegaram dificuldade t&eacute;cnica e alto custo para implantar o recurso, uma tecla SAP para deficientes visuais. <\/p>\n<p>Chamado de audiodescri&ccedil;&atilde;o, o recurso est&aacute; previsto em portaria assinada por H&eacute;lio Costa em 27 de junho de 2006. A portaria dava dois anos para as TVs come&ccedil;arem a irradiar pelo menos uma hora das 8h &agrave;s 14h e uma hora das 20h &agrave;s 2h de programa&ccedil;&atilde;o com recursos de acessibilidade. Os recursos dever&atilde;o ser ampliados ano a ano at&eacute; atingir a totalidade da programa&ccedil;&atilde;o das TVs em 2017. <\/p>\n<p>De acordo com a portaria, s&atilde;o recursos de acessibilidade, al&eacute;m da audiodescri&ccedil;&atilde;o, a legenda oculta (closed caption) e a dublagem em portugu&ecirc;s, j&aacute; oferecidas pelas redes. A portaria publicada ontem no &quot;Di&aacute;rio Oficial&quot; suspendeu apenas a implanta&ccedil;&atilde;o da audiodescri&ccedil;&atilde;o. Ou seja, as TVs est&atilde;o obrigadas a veicular pelo menos duas horas de closed caption. <\/p>\n<p>A legisla&ccedil;&atilde;o define a audiodescri&ccedil;&atilde;o como &quot;locu&ccedil;&atilde;o sobreposta ao som original do programa, destinada a descrever imagens, sons, textos e demais informa&ccedil;&otilde;es que n&atilde;o poderiam ser percebidos por pessoas com defici&ecirc;ncia visual&quot;. <\/p>\n","protected":false},"excerpt":{"rendered":"<p>Reproduzido da coluna Outro Canal, da Folha de S. Paulo O ministro das Comunica&ccedil;&otilde;es, H&eacute;lio Costa, suspendeu ontem dispositivo legal que obrigava as emissoras de TV, desde a &uacute;ltima sexta-feira, a irradiarem pelo menos duas horas di&aacute;rias de programa&ccedil;&atilde;o com narra&ccedil;&atilde;o para cegos. Costa atendeu a pedido das redes, que alegaram dificuldade t&eacute;cnica e alto &hellip; <a href=\"https:\/\/obscom.intervozes.org.br\/?p=21460\" class=\"more-link\">Continue lendo <span class=\"screen-reader-text\">Minist\u00e9rio prorroga prazo para que TVs adaptem programa\u00e7\u00e3o para cegos<\/span> <span class=\"meta-nav\">&rarr;<\/span><\/a><\/p>\n","protected":false},"author":1,"featured_media":0,"comment_status":"open","ping_status":"open","sticky":false,"template":"","format":"standard","meta":{"footnotes":""},"categories":[39],"tags":[],"_links":{"self":[{"href":"https:\/\/obscom.intervozes.org.br\/index.php?rest_route=\/wp\/v2\/posts\/21460"}],"collection":[{"href":"https:\/\/obscom.intervozes.org.br\/index.php?rest_route=\/wp\/v2\/posts"}],"about":[{"href":"https:\/\/obscom.intervozes.org.br\/index.php?rest_route=\/wp\/v2\/types\/post"}],"author":[{"embeddable":true,"href":"https:\/\/obscom.intervozes.org.br\/index.php?rest_route=\/wp\/v2\/users\/1"}],"replies":[{"embeddable":true,"href":"https:\/\/obscom.intervozes.org.br\/index.php?rest_route=%2Fwp%2Fv2%2Fcomments&post=21460"}],"version-history":[{"count":0,"href":"https:\/\/obscom.intervozes.org.br\/index.php?rest_route=\/wp\/v2\/posts\/21460\/revisions"}],"wp:attachment":[{"href":"https:\/\/obscom.intervozes.org.br\/index.php?rest_route=%2Fwp%2Fv2%2Fmedia&parent=21460"}],"wp:term":[{"taxonomy":"category","embeddable":true,"href":"https:\/\/obscom.intervozes.org.br\/index.php?rest_route=%2Fwp%2Fv2%2Fcategories&post=21460"},{"taxonomy":"post_tag","embeddable":true,"href":"https:\/\/obscom.intervozes.org.br\/index.php?rest_route=%2Fwp%2Fv2%2Ftags&post=21460"}],"curies":[{"name":"wp","href":"https:\/\/api.w.org\/{rel}","templated":true}]}}