{"id":21456,"date":"2008-06-30T14:07:51","date_gmt":"2008-06-30T14:07:51","guid":{"rendered":"https:\/\/obscom.intervozes.org.br\/wordpress\/?p=21456"},"modified":"2008-06-30T14:07:51","modified_gmt":"2008-06-30T14:07:51","slug":"anatel-pode-usar-sobras-de-frequencias-da-radiodifusao-para-multimidia","status":"publish","type":"post","link":"https:\/\/obscom.intervozes.org.br\/?p=21456","title":{"rendered":"Anatel pode usar sobras de freq\u00fc\u00eancias da radiodifus\u00e3o para multim\u00eddia"},"content":{"rendered":"<p>   \t \t \t \t \t \t \t<!-- \t\t@page { margin: 2cm } \t\tP { margin-bottom: 0.21cm } \t--> \t          <\/p>\n<p style=\"margin-bottom: 0cm\" class=\"western\">Declara&ccedil;&otilde;es capazes de colocar ainda mais&nbsp;lenha na fogueira que arde entre os setores de Radiodifus&atilde;o&nbsp;e Telecomunica&ccedil;&otilde;es. O Superintendente de Servi&ccedil;os Privados da Anatel, Jarbas Valente,&nbsp;reafirmou nesta sexta-feira (27\/06), que o &oacute;rg&atilde;o regulador admite a hip&oacute;tese de vir a&nbsp;usar&nbsp;frequ&ecirc;ncias que ficar&atilde;o ociosas na radiodifus&atilde;o ap&oacute;s a digitaliza&ccedil;&atilde;o das redes de TVs, para a presta&ccedil;&atilde;o de outros servi&ccedil;os, n&atilde;o necessariamente,&nbsp;ligados &agrave; &aacute;rea. <\/p>\n<p>Segundo ele, o espectro poder&aacute; ser utilizado para a oferta&nbsp;de servi&ccedil;os t&iacute;picos de TV por Assinatura, como por exemplo, o envio de pacotes de &quot;filmes on demand&quot; para usu&aacute;rios ou&nbsp;para a&nbsp;transmiss&atilde;o de dados. Isso porque, avalia Valente, as empresas de radiodifus&atilde;o, com a digitaliza&ccedil;&atilde;o de suas redes ter&atilde;o &quot;sobra de banda&quot; para ampliar o portf&oacute;lio de servi&ccedil;os.<\/p>\n<p>No uso desse &#39;espectro de sobra&#39;, observou Valente, existe tamb&eacute;m a possibilidade da presta&ccedil;&atilde;o de outros servi&ccedil;os interativos aos usu&aacute;rios n&atilde;o necessariamente previstos pela TV Digital. Entram nesta seara, os produtos de Telecomunica&ccedil;&otilde;es. Se tal ocorrer, destaca o superintendente de Servi&ccedil;os Privados da Anatel, os radiodifusores ter&atilde;o que pedir &agrave;&nbsp;Ag&ecirc;ncia, outorgas para presta&ccedil;&atilde;o de servi&ccedil;os de Telecom ou de Comunica&ccedil;&atilde;o Multim&iacute;dia.<\/p>\n<p>Se este cen&aacute;rio vier a se concretizar evidencia-se a disputa entre os players tradicionais e os da radiodifus&atilde;o na era do chamado &#39;quad play&#39; &#8211; voz fixa, m&oacute;vel, TV e Internet Banda larga. Nos Estados Unidos, por exemplo,&nbsp;j&aacute; foram desenvolvidos aplicativos que permitem o uso dessa faixa ociosa para a transmiss&atilde;o desses pacotes de dados e imagens, denominado naquele mercado como&nbsp;&quot;carrossel&quot;.<\/p>\n<p><strong>Sem defini&ccedil;&atilde;o<\/strong><\/p>\n<p>&quot;O usu&aacute;rio pode receber em sua casa toda a programa&ccedil;&atilde;o das grandes redes de TV por Assinatura e escolher aquilo que deseja assistir&quot;, explicou Valente. Segundo ele, basta que o usu&aacute;rio compre o pacote para a sua TV Digital e armazene a programa&ccedil;&atilde;o em seu disco r&iacute;gido.<\/p>\n<p>A resposta do Superintendente foi dada&nbsp;&agrave; uma indaga&ccedil;&atilde;o feita por t&eacute;cnicos da Abert, que participaram da primeira audi&ecirc;ncia p&uacute;blica que o &oacute;rg&atilde;o regulador realizou nesta sexta-feira (2706), em Bras&iacute;lia, para explicar as mudan&ccedil;as nos marcos regulat&oacute;rios do setor de Telecomunica&ccedil;&otilde;es.<\/p>\n<p>A posi&ccedil;&atilde;o de Valente &eacute; importante no atual momento. A Anatel estuda, por exemplo, como inserir mobilidade para o edital de 3,5GHz e tamb&eacute;m o que fazer com a faixa de 2,5GHz, aqui, utilizada pelas operadoras de MMDS (TV por microondas) e cujas licen&ccedil;as come&ccedil;am a ser renovadas &#8211; ou n&atilde;o, conforme vontade da Anatel &#8211; em janeiro de 2009.<\/p>\n<p>O embate &eacute; grande nesta &aacute;rea. As operadoras MMDS deixam claro que querem espectro para usar WiMAX e entrar na briga da telefonia e da banda larga. J&aacute; as concession&aacute;rias e operadoras m&oacute;veis querem espa&ccedil;o em 3,5GHz e pleiteiam mais &#39;espectro&#39;, para que possam assegurar qualidade de servi&ccedil;o de &uacute;ltima gera&ccedil;&atilde;o para o consumidor brasileiro.<\/p>\n","protected":false},"excerpt":{"rendered":"<p>Declara&ccedil;&otilde;es capazes de colocar ainda mais&nbsp;lenha na fogueira que arde entre os setores de Radiodifus&atilde;o&nbsp;e Telecomunica&ccedil;&otilde;es. O Superintendente de Servi&ccedil;os Privados da Anatel, Jarbas Valente,&nbsp;reafirmou nesta sexta-feira (27\/06), que o &oacute;rg&atilde;o regulador admite a hip&oacute;tese de vir a&nbsp;usar&nbsp;frequ&ecirc;ncias que ficar&atilde;o ociosas na radiodifus&atilde;o ap&oacute;s a digitaliza&ccedil;&atilde;o das redes de TVs, para a presta&ccedil;&atilde;o de outros &hellip; <a href=\"https:\/\/obscom.intervozes.org.br\/?p=21456\" class=\"more-link\">Continue lendo <span class=\"screen-reader-text\">Anatel pode usar sobras de freq\u00fc\u00eancias da radiodifus\u00e3o para multim\u00eddia<\/span> <span class=\"meta-nav\">&rarr;<\/span><\/a><\/p>\n","protected":false},"author":1,"featured_media":0,"comment_status":"open","ping_status":"open","sticky":false,"template":"","format":"standard","meta":{"footnotes":""},"categories":[40],"tags":[601],"_links":{"self":[{"href":"https:\/\/obscom.intervozes.org.br\/index.php?rest_route=\/wp\/v2\/posts\/21456"}],"collection":[{"href":"https:\/\/obscom.intervozes.org.br\/index.php?rest_route=\/wp\/v2\/posts"}],"about":[{"href":"https:\/\/obscom.intervozes.org.br\/index.php?rest_route=\/wp\/v2\/types\/post"}],"author":[{"embeddable":true,"href":"https:\/\/obscom.intervozes.org.br\/index.php?rest_route=\/wp\/v2\/users\/1"}],"replies":[{"embeddable":true,"href":"https:\/\/obscom.intervozes.org.br\/index.php?rest_route=%2Fwp%2Fv2%2Fcomments&post=21456"}],"version-history":[{"count":0,"href":"https:\/\/obscom.intervozes.org.br\/index.php?rest_route=\/wp\/v2\/posts\/21456\/revisions"}],"wp:attachment":[{"href":"https:\/\/obscom.intervozes.org.br\/index.php?rest_route=%2Fwp%2Fv2%2Fmedia&parent=21456"}],"wp:term":[{"taxonomy":"category","embeddable":true,"href":"https:\/\/obscom.intervozes.org.br\/index.php?rest_route=%2Fwp%2Fv2%2Fcategories&post=21456"},{"taxonomy":"post_tag","embeddable":true,"href":"https:\/\/obscom.intervozes.org.br\/index.php?rest_route=%2Fwp%2Fv2%2Ftags&post=21456"}],"curies":[{"name":"wp","href":"https:\/\/api.w.org\/{rel}","templated":true}]}}