{"id":21454,"date":"2008-06-30T11:36:38","date_gmt":"2008-06-30T11:36:38","guid":{"rendered":"https:\/\/obscom.intervozes.org.br\/wordpress\/?p=21454"},"modified":"2008-06-30T11:36:38","modified_gmt":"2008-06-30T11:36:38","slug":"comissoes-estaduais-vao-aumentar-pressao-sobre-o-planalto","status":"publish","type":"post","link":"https:\/\/obscom.intervozes.org.br\/?p=21454","title":{"rendered":"Comiss\u00f5es estaduais v\u00e3o aumentar press\u00e3o sobre o Planalto"},"content":{"rendered":"<p>   \t \t \t \t \t \t \t \t \t<!-- \t\t@page { margin: 2cm } \t\tP { margin-bottom: 0.21cm } \t--> \t                  <\/p>\n<p style=\"margin-bottom: 0cm\" class=\"western\">Confer&ecirc;ncia j&aacute;! Este foi o esp&iacute;rito que permeou a videoconfer&ecirc;ncia nacional, realizada na &uacute;ltima sexta-feira (27), para debater estrat&eacute;gias de mobiliza&ccedil;&atilde;o e press&atilde;o junto ao governo federal para convoca&ccedil;&atilde;o da primeira Confer&ecirc;ncia Nacional de Comunica&ccedil;&atilde;o. Organizada pela Comiss&atilde;o Nacional Pr&oacute;-Confer&ecirc;ncia, a reuni&atilde;o contou com a participa&ccedil;&atilde;o de dez estados e entidades dos mais diferentes campos de atua&ccedil;&atilde;o: de sindicatos e conselhos de profissionais a r&aacute;dios p&uacute;blicas e comunit&aacute;rias e organiza&ccedil;&otilde;es de defesa dos direitos das crian&ccedil;as.<\/p>\n<p>No in&iacute;cio do ano, a Comiss&atilde;o conseguiu a aprova&ccedil;&atilde;o de uma emenda &agrave; Lei de Diretrizes Or&ccedil;ament&aacute;rias (LDO) de 2008 que garantiu 6 milh&otilde;es de reais para a Confer&ecirc;ncia Nacional este ano. Esses recursos est&atilde;o hoje sob responsabilidade do Minist&eacute;rio das Comunica&ccedil;&otilde;es e, se n&atilde;o forem empenhados at&eacute; o final do ano, ser&atilde;o perdidos. Da mesma forma, a Comiss&atilde;o Nacional j&aacute; conseguiu a sinaliza&ccedil;&atilde;o de parte do setor empresarial, antes resistente, para a realiza&ccedil;&atilde;o da Confer&ecirc;ncia.<\/p>\n<p>&ldquo;N&atilde;o podemos, portanto, continuar adiando esta tarefa. A hora &eacute; essa. Precisamos exigir agora a publica&ccedil;&atilde;o do decreto presidencial convocando a Confer&ecirc;ncia Nacional&rdquo;, afirmou Roseli Goffman, do Conselho Federal de Psicologia (CFP) e do F&oacute;rum Nacional pela Democratiza&ccedil;&atilde;o da Comunica&ccedil;&atilde;o (FNDC). &ldquo;Nossa expectativa &eacute; que o decreto saia este ano para que comecemos, ainda em 2008, as etapas municipais e cheguemos, no segundo semestre de 2009, &agrave; etapa nacional. Este, ent&atilde;o, &eacute; o momento ideal para os estados pressionarem o governo federal&rdquo;, completou Rom&aacute;rio Scchetino, presidente do Sindicato dos Jornalistas Profissionais do Distrito Federal.<\/p>\n<p>Bahia, Cear&aacute;, Distrito Federal, Esp&iacute;rito Santo, Mato Grosso, Mato Grosso do Sul, Minas Gerais, Pernambuco, Rio Grande do Sul, Rio de Janeiro, Santa Catarina e S&atilde;o Paulo s&atilde;o estados que j&aacute; deram in&iacute;cio a algum tipo de mobiliza&ccedil;&atilde;o local pr&oacute;-Confer&ecirc;ncia. H&aacute; reuni&otilde;es e atividades sendo planejadas para o julho e agosto e, em estados em que j&aacute; h&aacute; redes de entidades ligadas ao tema da comunica&ccedil;&atilde;o constru&iacute;das, esses espa&ccedil;os devem passar a abrigar as a&ccedil;&otilde;es, inclusive formando as Comiss&otilde;es Estaduais pr&oacute;-Confer&ecirc;ncia. O objetivo &eacute; fazer com que a sociedade civil debata os tema da Confer&ecirc;ncia e tamb&eacute;m criar fatos pol&iacute;ticos com repercuss&atilde;o nacional.<\/p>\n<p>Neste sentido, a experi&ecirc;ncia da Confer&ecirc;ncia de Comunica&ccedil;&atilde;o Social da Bahia, lan&ccedil;ada pelo governo estadual no in&iacute;cio de junho e cujas etapas regionais est&atilde;o em fase de desenvolvimento, pode contribuir significativamente em termos de organiza&ccedil;&atilde;o, metodologia e tem&aacute;rio para a Confer&ecirc;ncia Nacional.<\/p>\n<p>&ldquo;O &uacute;nico cuidado que precisa ser tomado &eacute; n&atilde;o fazermos confer&ecirc;ncias estaduais que n&atilde;o estejam vinculadas &agrave; nacional. O essencial &eacute; colocar press&atilde;o nos estados para que estes reivindiquem a Confer&ecirc;ncia Nacional&rdquo;, refor&ccedil;ou Ricardo Moretzsohn, da Campanha Quem Financia a Baixaria &eacute; Contra a Cidadania.<\/p>\n<p><strong>Estrat&eacute;gia<\/strong><\/p>\n<p>Para al&eacute;m da cria&ccedil;&atilde;o das comiss&otilde;es estaduais, novas estrat&eacute;gias foram aprovadas na videoconfer&ecirc;ncia desta sexta. Uma delas ser&aacute; a realiza&ccedil;&atilde;o de um abaixo-assinado nacional, pedindo &agrave; Presid&ecirc;ncia da Rep&uacute;blica a forma&ccedil;&atilde;o do grupo de trabalho tripartite (poder p&uacute;blico, setor empresarial e sociedade civil) respons&aacute;vel pela organiza&ccedil;&atilde;o da confer&ecirc;ncia. A meta &eacute; conseguir 100 mil assinaturas at&eacute; o final de agosto. Tamb&eacute;m ser&aacute; elaborada uma proposta de carta para coletar assinaturas dos governadores estaduais pedindo a Confer&ecirc;ncia Nacional e solicita&ccedil;&otilde;es de audi&ecirc;ncia com os minist&eacute;rios da Justi&ccedil;a, Direitos Humanos e Casa Civil.<\/p>\n<p>Nas pr&oacute;ximas semanas, deve acontecer uma audi&ecirc;ncia com o ministro H&eacute;lio Costa, das Comunica&ccedil;&otilde;es, e as lideran&ccedil;as dos partidos pol&iacute;ticos que j&aacute; se comprometeram com a realiza&ccedil;&atilde;o de uma Comiss&atilde;o Geral na C&acirc;mara dos Deputados sobre a Confer&ecirc;ncia Nacional, um dia em que o Congresso parar&aacute; para discutir apenas este tema.<\/p>\n<p>&ldquo;Hoje estamos bem mais pr&oacute;ximos da realiza&ccedil;&atilde;o da Confer&ecirc;ncia Nacional de Comunica&ccedil;&atilde;o do que est&aacute;vamos no momento da cria&ccedil;&atilde;o da Comiss&atilde;o Pr&oacute;-Confer&ecirc;ncia. Este &eacute; um momento fundamental: vamos garantir a convoca&ccedil;&atilde;o do GT j&aacute;, empenhar os R$ 6 milh&otilde;es e ampliar o trabalho de mobiliza&ccedil;&atilde;o popular&rdquo;, acredita Br&aacute;ulio Ribeiro, do Intervozes &ndash; Coletivo Brasil de Comunica&ccedil;&atilde;o Social. &ldquo;Temos uma proposta de confer&ecirc;ncia, com pauta, temas e or&ccedil;amento. O que est&aacute; faltando &eacute; a decis&atilde;o pol&iacute;tica do governo. O presidente Lula tem responsabilidade com este processo e &eacute; isso que cobraremos agora&rdquo;, concluiu a secret&aacute;ria Nacional de Comunica&ccedil;&atilde;o da Central &Uacute;nica dos Trabalhadores (CUT), Rosane Bertotti.<\/p>\n","protected":false},"excerpt":{"rendered":"<p>Confer&ecirc;ncia j&aacute;! Este foi o esp&iacute;rito que permeou a videoconfer&ecirc;ncia nacional, realizada na &uacute;ltima sexta-feira (27), para debater estrat&eacute;gias de mobiliza&ccedil;&atilde;o e press&atilde;o junto ao governo federal para convoca&ccedil;&atilde;o da primeira Confer&ecirc;ncia Nacional de Comunica&ccedil;&atilde;o. Organizada pela Comiss&atilde;o Nacional Pr&oacute;-Confer&ecirc;ncia, a reuni&atilde;o contou com a participa&ccedil;&atilde;o de dez estados e entidades dos mais diferentes campos &hellip; <a href=\"https:\/\/obscom.intervozes.org.br\/?p=21454\" class=\"more-link\">Continue lendo <span class=\"screen-reader-text\">Comiss\u00f5es estaduais v\u00e3o aumentar press\u00e3o sobre o Planalto<\/span> <span class=\"meta-nav\">&rarr;<\/span><\/a><\/p>\n","protected":false},"author":1,"featured_media":0,"comment_status":"open","ping_status":"open","sticky":false,"template":"","format":"standard","meta":{"footnotes":""},"categories":[40],"tags":[570],"_links":{"self":[{"href":"https:\/\/obscom.intervozes.org.br\/index.php?rest_route=\/wp\/v2\/posts\/21454"}],"collection":[{"href":"https:\/\/obscom.intervozes.org.br\/index.php?rest_route=\/wp\/v2\/posts"}],"about":[{"href":"https:\/\/obscom.intervozes.org.br\/index.php?rest_route=\/wp\/v2\/types\/post"}],"author":[{"embeddable":true,"href":"https:\/\/obscom.intervozes.org.br\/index.php?rest_route=\/wp\/v2\/users\/1"}],"replies":[{"embeddable":true,"href":"https:\/\/obscom.intervozes.org.br\/index.php?rest_route=%2Fwp%2Fv2%2Fcomments&post=21454"}],"version-history":[{"count":0,"href":"https:\/\/obscom.intervozes.org.br\/index.php?rest_route=\/wp\/v2\/posts\/21454\/revisions"}],"wp:attachment":[{"href":"https:\/\/obscom.intervozes.org.br\/index.php?rest_route=%2Fwp%2Fv2%2Fmedia&parent=21454"}],"wp:term":[{"taxonomy":"category","embeddable":true,"href":"https:\/\/obscom.intervozes.org.br\/index.php?rest_route=%2Fwp%2Fv2%2Fcategories&post=21454"},{"taxonomy":"post_tag","embeddable":true,"href":"https:\/\/obscom.intervozes.org.br\/index.php?rest_route=%2Fwp%2Fv2%2Ftags&post=21454"}],"curies":[{"name":"wp","href":"https:\/\/api.w.org\/{rel}","templated":true}]}}