{"id":21440,"date":"2008-06-26T01:49:15","date_gmt":"2008-06-26T01:49:15","guid":{"rendered":"https:\/\/obscom.intervozes.org.br\/wordpress\/?p=21440"},"modified":"2014-09-07T02:56:00","modified_gmt":"2014-09-07T02:56:00","slug":"tv-brasil-aposta-em-infantis-jornalismo-e-debates","status":"publish","type":"post","link":"https:\/\/obscom.intervozes.org.br\/?p=21440","title":{"rendered":"TV Brasil aposta em infantis, jornalismo e debates"},"content":{"rendered":"\n<p><span>Ainda que o sinal da TV Brasil n&atilde;o esteja dispon&iacute;vel para a maioria das cidades brasileiras, a popula&ccedil;&atilde;o pode acompanhar como tem se constitu&iacute;do a programa&ccedil;&atilde;o da emissora p&uacute;blica montada pelo governo federal pela Internet. Foi assim que o <strong>Observat&oacute;rio do Direito &agrave; Comunica&ccedil;&atilde;o <\/strong>fez o exerc&iacute;cio de analisar o conjunto de atra&ccedil;&otilde;es da semana. O levantamento aponta que a programa&ccedil;&atilde;o apresenta tem&aacute;tica diversa, tendo como destaque os programas infantis, de debate e entrevista e jornal&iacute;sticos.<\/span><\/p>\n<p><span>Os desenhos e atra&ccedil;&otilde;es para crian&ccedil;as, como as s&eacute;ries <em>Um Menino muito Maluquinho<\/em> e <em>Turma do Perer&ecirc;<\/em>, correspondem a 27,4% das horas veiculadas durante uma semana. J&aacute; programas de debates, como <em>Di&aacute;logo Brasil<\/em> e <em>Observat&oacute;rio da Imprensa<\/em>, e de entrevistas, como o <em>Conex&atilde;o Roberto D&rsquo;&Aacute;vila<\/em>, somam 17% da programa&ccedil;&atilde;o. Telejornais e reportagens especiais v&ecirc;m em terceiro lugar com 13,8%. No primeiro e no terceiro caso, a boa presen&ccedil;a na grade deve-se ao fato destes dois grupos reunirem programas que s&atilde;o veiculados diariamente, em geral de segunda a sexta-feira.<\/span><\/p>\n<p><span>Com menor participa&ccedil;&atilde;o aparecem os programas culturais (9,9%), educativos (7,6%), filmes (7%) e art&iacute;sticos (5,4%). S&atilde;o transmitidos ainda conte&uacute;dos para o p&uacute;blico jovem (5%), de interesse p&uacute;blico e promo&ccedil;&atilde;o dos direitos da popula&ccedil;&atilde;o (3,3%), anima&ccedil;&otilde;es (2,3%), religiosos (1,8%) e esportivos (1%). &ldquo;Esta grade est&aacute; buscando combinar a dimens&atilde;o informativa, cultural e educativa da TV p&uacute;blica&rdquo;, define a presidente da Empresa Brasil de Comunica&ccedil;&atilde;o, Tereza Cruvinel.<\/span><\/p>\n<p><span>&ldquo;A programa&ccedil;&atilde;o ainda est&aacute; devendo. No momento que a nova grade acabar de ser implantada, com programas independentes, a tend&ecirc;ncia &eacute; que haja uma melhoria. Ainda falta uma s&eacute;rie de projetos que foram debatidos no F&oacute;rum de TVs P&uacute;blicas, como document&aacute;rios e programas especiais bem pr&oacute;prios de uma emissora p&uacute;blica&rdquo;, analisa Jos&eacute; Torves, autor de livro sobre o tema e diretor da Federa&ccedil;&atilde;o Nacional dos Jornalistas (Fenaj).<\/span><\/p>\n<p><span>Para Rodrigo Murtinho, pesquisador sobre o tema na Universidade Federal Fluminense, ainda &eacute; cedo para fazer uma avalia&ccedil;&atilde;o da programa&ccedil;&atilde;o da TV Brasil. Segundo ele, a grade repete majoritariamente a programa&ccedil;&atilde;o da TVE, trazendo algumas altera&ccedil;&otilde;es no jornalismo e document&aacute;rios. &ldquo;N&atilde;o &eacute; poss&iacute;vel reconhecer uma nova personalidade na emissora, o que talvez seja um reflexo desse momento de transi&ccedil;&atilde;o&rdquo;, conclui.&nbsp;<\/span><\/p>\n<p><strong><span>Transi&ccedil;&atilde;o<\/span><\/strong><\/p>\n<p><span>O car&aacute;ter transit&oacute;rio apontado pelos dois entrevistados &eacute; a caracter&iacute;stica mais marcante da atual da programa&ccedil;&atilde;o da TV Brasil. Como afirmou Murtinho, a grade surgiu de uma jun&ccedil;&atilde;o entre os conte&uacute;dos que eram veiculados na TV Nacional, de Bras&iacute;lia, e na TVE Brasil, do Rio de Janeiro. <\/span><\/p>\n<p><span>Da antiga emissora carioca ficaram principalmente desenhos, debates (como o <em>Sem Censura<\/em>, <em>Espa&ccedil;o P&uacute;blico<\/em> e <em>Observat&oacute;rio da Imprensa<\/em>) e programas culturais (<em>Re-Corte Cultural<\/em> e <em>Conversa Afinada)<\/em>. Da TV Nacional vieram debates como o <em>Di&aacute;logo Brasil<\/em> e o telejornal <em>Rep&oacute;rter Nacional<\/em>, reformulado e transformado em <em>Rep&oacute;rter Brasil<\/em>.<\/span><\/p>\n<p><span>Para o presidente do Sindicato dos Jornalistas do Distrito Federal, Rom&aacute;rio Schettino, o novo programa ainda tem esbarrado em algumas dificuldades. &ldquo;Ainda h&aacute; problemas t&eacute;cnicos aqui e ali e de funcionamento, mas &eacute; totalmente compreens&iacute;vel quando se est&aacute; no in&iacute;cio&rdquo;, comenta.<\/span><\/p>\n<p><span>Atualmente, est&atilde;o em implanta&ccedil;&atilde;o projetos de reportagens especiais (<em>Caminhos da Reportagem<\/em> e <em>100% Brasil<\/em>) e filmes para televis&atilde;o (<em>DocTV <\/em>nacional, Am&eacute;rica Latina e &Aacute;frica). Ao todo, 14 novos programas est&atilde;o sendo gestados pela Diretoria de Conte&uacute;dos e Programa&ccedil;&atilde;o. <\/span><\/p>\n<p><span>Na filmatografia, h&aacute; um movimento de fortalecimento do <em>DocTV<\/em> em suas diversas modalidades. Entre os conte&uacute;dos de finalidade cultural est&aacute; em prepara&ccedil;&atilde;o um programa sobre a diversidade cultural brasileira e duas revistas sobre os continentes africano e latino-americano.<\/span><\/p>\n<p><strong><span>Pol&ecirc;micas<\/span><\/strong><\/p>\n<p><span>As mudan&ccedil;as na programa&ccedil;&atilde;o geram tens&otilde;es entre a nova estatal e antigos parceiros das emissoras incorporadas por ela. Na &uacute;ltima semana, tornou-se p&uacute;blica uma pol&ecirc;mica com a Seccional Rio de Janeiro da Ordem dos Advogados do Brasil. A entidade mantinha um programa na TVE do Rio de Janeiro sobre justi&ccedil;a &ndash; o <em>Direito em <\/em>Debate &ndash; que foi incorporado pela TV Brasil e, h&aacute; cerca de algumas semanas, retirado do ar. <\/span><\/p>\n<p><span>O presidente da institui&ccedil;&atilde;o, Wadih Damous, acusou de censura a decis&atilde;o, alegando que ela teria ocorrido ap&oacute;s press&otilde;es da dire&ccedil;&atilde;o da TV contra os realizadores do programa. A presid&ecirc;ncia da EBC reagiu e afirmou que a retirada foi motivada pela avalia&ccedil;&atilde;o de que seria ilegal manter uma iniciativa que, na verdade, se constitu&iacute;a como aluguel de espa&ccedil;o da grade da TV Brasil. A OAB-RJ pagava pouco mais de R$ 5 mil reais para veicular o programa.<\/span><\/p>\n<p><span>A EBC afirmou ainda que j&aacute; est&aacute; nos seus planos a realiza&ccedil;&atilde;o de um programa sobre o Judici&aacute;rio e que gostaria de contar com entidades como a OAB como parceiras do projeto, mas que a dire&ccedil;&atilde;o editorial passaria a ficar a cargo da TV Brasil. Alguns dias depois, Damous enviou carta &agrave; presidente da EBC em que afirmava que o epis&oacute;dio teria sido um mal-entendido. Segundo o comunicado, a OAB\/RJ deseja manter a parceria com a emissora e &ldquo;participar dos projetos da TV Brasil relativos &agrave; programa&ccedil;&atilde;o destinada &agrave; &aacute;rea jur&iacute;dica&rdquo;.<\/span><\/p>\n<p><strong><span>Produ&ccedil;&atilde;o Independente&nbsp;<\/span><\/strong><\/p>\n<p><span>Outra quest&atilde;o que ainda &eacute; fonte de preocupa&ccedil;&otilde;es dentro e fora da EBC &eacute; qual ser&aacute; o espa&ccedil;o da produ&ccedil;&atilde;o independente na pol&iacute;tica de programa&ccedil;&atilde;o da TV Brasil. Durante a defini&ccedil;&atilde;o da Medida Provis&oacute;ria que criou a EBC, os produtores audiovisuais reclamaram fortemente do &iacute;ndice de 10% de cota para este tipo de conte&uacute;do. Segundo Tereza Cruvinel, a cota ser&aacute; ultrapassada com folga. &ldquo;Sempre se falou em quatro horas de produ&ccedil;&atilde;o independente, mas com certeza vamos ultrapassar esta meta&rdquo;, afirmou. <\/span><\/p>\n<p><span>No entanto, os editais anunciados h&aacute; cerca de seis meses ainda n&atilde;o sa&iacute;ram do papel. &ldquo;Quando tomaram posse, falaram que em abril sairiam os editais e a classe ficou toda empolgada. Passou abril, maio e junho e nada saiu. O que ser&aacute; que aconteceu que as coisas que iam acontecer n&atilde;o aconteceram?&rdquo;, cobra Paulo Rufino, presidente da articula&ccedil;&atilde;o Congresso Brasileiro de Cinema.<\/span><\/p>\n<p><span>A sa&iacute;da de Orlando Senna e M&aacute;rio Borgneth aumentou os temores dos produtores sobre o futuro dos conte&uacute;dos audiovisuais independentes na grade da TV Brasil. Em resposta a presidente, Tereza Cruvinel, e o diretor de programa&ccedil;&atilde;o, Leopoldo Nunes &ndash; &uacute;ltimo representante do grupo ligado ao Minist&eacute;rio da Cultura na dire&ccedil;&atilde;o da empresa &ndash;, buscaram tranq&uuml;ilizar o setor afirmando que os editais est&atilde;o em andamento e ser&atilde;o divulgados em breve.<\/span><\/p>\n<p><strong><span>Acima do tra&ccedil;o<\/span><\/strong><\/p>\n<p><span>Pesquisa recente sobre a audi&ecirc;ncia da TV Brasil mostrou que seus conte&uacute;dos j&aacute; conseguem sair do tra&ccedil;o &ndash; um ponto no Ibope &ndash; t&atilde;o comumente utilizado para caracterizar o baixo desempenho das emissoras p&uacute;blicas e educativas. <\/span>O telejornal <em>Rep&oacute;rter Brasil<\/em>, a s&eacute;rie <span><em>Um Menino muito Maluquinho <\/em><\/span>e os filmes da madrugada j&aacute; chegaram a &iacute;ndices na casa dos 2 pontos. <span>Programas novos como o <em>De L&aacute; pra C&aacute;<\/em>, com entrevistas feitas pelo jornalista Anselmo G&oacute;is, e o <em>Caminhos da Reportagem<\/em> estrearam j&aacute; com mais de um ponto no Ibope.<\/p>\n<p><\/span><strong>*************************<br \/><u>VEJA TAMB&Eacute;M:<\/u><\/strong><strong><br \/><\/strong><br \/><a href=\"http:\/\/localhost\/intervozes_direitoacomunicacao\/wordpress\/?p=21418\">&#8211; EBC finaliza transi&ccedil;&atilde;o, mas ainda precisa definir identidade<\/a><br \/><a href=\"http:\/\/localhost\/intervozes_direitoacomunicacao\/wordpress\/?p=21426\">&#8211; TVs p&uacute;blicas migram para o digital sem pol&iacute;tica definida<\/a> <br \/><a href=\"http:\/\/localhost\/intervozes_direitoacomunicacao\/wordpress\/?p=21453\">&#8211; Para conselheiros da EBC, caso Luiz Lobo &eacute; primeiro desafio<\/a><\/p>\n","protected":false},"excerpt":{"rendered":"<p>Levantamento feito pelo Observat\u00f3rio do Direito \u00e0 Comunica\u00e7\u00e3o mostra que 60% da programa\u00e7\u00e3o concentra-se nestes tipos de atra\u00e7\u00f5es; dire\u00e7\u00e3o promete novos projetos para, enfim, dar novo perfil \u00e0 emissora<\/p>\n","protected":false},"author":1,"featured_media":0,"comment_status":"open","ping_status":"open","sticky":false,"template":"","format":"standard","meta":{"footnotes":""},"categories":[40],"tags":[163],"_links":{"self":[{"href":"https:\/\/obscom.intervozes.org.br\/index.php?rest_route=\/wp\/v2\/posts\/21440"}],"collection":[{"href":"https:\/\/obscom.intervozes.org.br\/index.php?rest_route=\/wp\/v2\/posts"}],"about":[{"href":"https:\/\/obscom.intervozes.org.br\/index.php?rest_route=\/wp\/v2\/types\/post"}],"author":[{"embeddable":true,"href":"https:\/\/obscom.intervozes.org.br\/index.php?rest_route=\/wp\/v2\/users\/1"}],"replies":[{"embeddable":true,"href":"https:\/\/obscom.intervozes.org.br\/index.php?rest_route=%2Fwp%2Fv2%2Fcomments&post=21440"}],"version-history":[{"count":3,"href":"https:\/\/obscom.intervozes.org.br\/index.php?rest_route=\/wp\/v2\/posts\/21440\/revisions"}],"predecessor-version":[{"id":27865,"href":"https:\/\/obscom.intervozes.org.br\/index.php?rest_route=\/wp\/v2\/posts\/21440\/revisions\/27865"}],"wp:attachment":[{"href":"https:\/\/obscom.intervozes.org.br\/index.php?rest_route=%2Fwp%2Fv2%2Fmedia&parent=21440"}],"wp:term":[{"taxonomy":"category","embeddable":true,"href":"https:\/\/obscom.intervozes.org.br\/index.php?rest_route=%2Fwp%2Fv2%2Fcategories&post=21440"},{"taxonomy":"post_tag","embeddable":true,"href":"https:\/\/obscom.intervozes.org.br\/index.php?rest_route=%2Fwp%2Fv2%2Ftags&post=21440"}],"curies":[{"name":"wp","href":"https:\/\/api.w.org\/{rel}","templated":true}]}}