{"id":21432,"date":"2008-06-25T16:29:22","date_gmt":"2008-06-25T16:29:22","guid":{"rendered":"https:\/\/obscom.intervozes.org.br\/wordpress\/?p=21432"},"modified":"2008-06-25T16:29:22","modified_gmt":"2008-06-25T16:29:22","slug":"comissao-adia-de-novo-votacao-de-regras-para-tv-paga","status":"publish","type":"post","link":"https:\/\/obscom.intervozes.org.br\/?p=21432","title":{"rendered":"Comiss\u00e3o adia de novo vota\u00e7\u00e3o de regras para TV paga"},"content":{"rendered":"<div class=\"tituloManchete\"><u><strong>Reproduzido da Ag&ecirc;ncia C&acirc;mara<\/strong><\/u><\/p>\n<p>A Comiss&atilde;o de Ci&ecirc;ncia e Tecnologia, Comunica&ccedil;&atilde;o e Inform&aacute;tica adiou mais uma vez a vota&ccedil;&atilde;o dos projetos que definem as novas regras para o mercado de TV por assinatura (29\/07, 70\/07, 332\/07 e 1908\/07). A mat&eacute;ria foi retirada de pauta a pedido do deputado Paulo Henrique Lustosa (PMDB-CE). A comiss&atilde;o volta a se reunir para analisar as propostas na pr&oacute;xima quarta-feira (2), &agrave;s 10 horas.<\/p>\n<p>Tamb&eacute;m foram aprovados na reuni&atilde;o de hoje 28 projetos de autoriza&ccedil;&atilde;o, permiss&atilde;o ou concess&atilde;o de r&aacute;dio e TV. Os parlamentares aprovaram ainda dois requerimentos. Um deles, do deputado Roberto Rocha (PSDB-MA), sugere audi&ecirc;ncia p&uacute;blica para discutir a abrang&ecirc;ncia da telefonia m&oacute;vel celular nas regi&otilde;es Norte e Nordeste.<\/p>\n<p>No outro requerimento aprovada, o deputado Arnaldo Jardim (PPS-SP) solicita ao ministro das Comunica&ccedil;&otilde;es, H&eacute;lio Costa, informa&ccedil;&otilde;es sobre os estudos que a Ag&ecirc;ncia Nacional de Telecomunica&ccedil;&otilde;es (Anatel) est&aacute; elaborando para propor altera&ccedil;&otilde;es na regulamenta&ccedil;&atilde;o das telecomunica&ccedil;&otilde;es.<\/div>\n","protected":false},"excerpt":{"rendered":"<p>Reproduzido da Ag&ecirc;ncia C&acirc;mara A Comiss&atilde;o de Ci&ecirc;ncia e Tecnologia, Comunica&ccedil;&atilde;o e Inform&aacute;tica adiou mais uma vez a vota&ccedil;&atilde;o dos projetos que definem as novas regras para o mercado de TV por assinatura (29\/07, 70\/07, 332\/07 e 1908\/07). A mat&eacute;ria foi retirada de pauta a pedido do deputado Paulo Henrique Lustosa (PMDB-CE). A comiss&atilde;o volta &hellip; <a href=\"https:\/\/obscom.intervozes.org.br\/?p=21432\" class=\"more-link\">Continue lendo <span class=\"screen-reader-text\">Comiss\u00e3o adia de novo vota\u00e7\u00e3o de regras para TV paga<\/span> <span class=\"meta-nav\">&rarr;<\/span><\/a><\/p>\n","protected":false},"author":1,"featured_media":0,"comment_status":"open","ping_status":"open","sticky":false,"template":"","format":"standard","meta":{"footnotes":""},"categories":[39],"tags":[],"_links":{"self":[{"href":"https:\/\/obscom.intervozes.org.br\/index.php?rest_route=\/wp\/v2\/posts\/21432"}],"collection":[{"href":"https:\/\/obscom.intervozes.org.br\/index.php?rest_route=\/wp\/v2\/posts"}],"about":[{"href":"https:\/\/obscom.intervozes.org.br\/index.php?rest_route=\/wp\/v2\/types\/post"}],"author":[{"embeddable":true,"href":"https:\/\/obscom.intervozes.org.br\/index.php?rest_route=\/wp\/v2\/users\/1"}],"replies":[{"embeddable":true,"href":"https:\/\/obscom.intervozes.org.br\/index.php?rest_route=%2Fwp%2Fv2%2Fcomments&post=21432"}],"version-history":[{"count":0,"href":"https:\/\/obscom.intervozes.org.br\/index.php?rest_route=\/wp\/v2\/posts\/21432\/revisions"}],"wp:attachment":[{"href":"https:\/\/obscom.intervozes.org.br\/index.php?rest_route=%2Fwp%2Fv2%2Fmedia&parent=21432"}],"wp:term":[{"taxonomy":"category","embeddable":true,"href":"https:\/\/obscom.intervozes.org.br\/index.php?rest_route=%2Fwp%2Fv2%2Fcategories&post=21432"},{"taxonomy":"post_tag","embeddable":true,"href":"https:\/\/obscom.intervozes.org.br\/index.php?rest_route=%2Fwp%2Fv2%2Ftags&post=21432"}],"curies":[{"name":"wp","href":"https:\/\/api.w.org\/{rel}","templated":true}]}}