{"id":21430,"date":"2008-06-25T15:41:13","date_gmt":"2008-06-25T15:41:13","guid":{"rendered":"https:\/\/obscom.intervozes.org.br\/wordpress\/?p=21430"},"modified":"2008-06-25T15:41:13","modified_gmt":"2008-06-25T15:41:13","slug":"helio-costa-diz-que-testes-do-radio-digital-estarao-prontos-em-2-meses","status":"publish","type":"post","link":"https:\/\/obscom.intervozes.org.br\/?p=21430","title":{"rendered":"H\u00e9lio Costa diz que testes do r\u00e1dio digital estar\u00e3o prontos em 2 meses"},"content":{"rendered":"<p>O Ministro H&eacute;lio Costa disse hoje, em Bras&iacute;lia, que em at&eacute; dois meses encaminhar&aacute; ao Presidente da Rep&uacute;blica informa&ccedil;&otilde;es sobre os testes de r&aacute;dio digital para que ele defina o padr&atilde;o que ser&aacute; adotado no pa&iacute;s. Est&aacute; em fase de conclus&atilde;o o relat&oacute;rio dos testes realizados pelo Instituto Mackenzie, com recursos das empresas de radiodifus&atilde;o e do Minist&eacute;rio das Comunica&ccedil;&otilde;es, para a escolha do padr&atilde;o de r&aacute;dio digital do pa&iacute;s. Segundo o Ministro o padr&atilde;o a ser escolhido ter&aacute; que transmistir em AM, FM e nos mesmos canais do r&aacute;dio anal&oacute;gico j&aacute; que n&atilde;o haver&aacute; mais espa&ccedil;o no dial. <\/p>\n<p>Costa tamb&eacute;m falou da consulta p&uacute;blica que o Minist&eacute;rio das Comunica&ccedil;&otilde;es realiza at&eacute; o pr&oacute;ximo dia 09 de julho.O ministro adiantou somente que uma das grandes demandas tem sido a universaliza&ccedil;&atilde;o da telefonia fixa.<\/p>\n","protected":false},"excerpt":{"rendered":"<p>O Ministro H&eacute;lio Costa disse hoje, em Bras&iacute;lia, que em at&eacute; dois meses encaminhar&aacute; ao Presidente da Rep&uacute;blica informa&ccedil;&otilde;es sobre os testes de r&aacute;dio digital para que ele defina o padr&atilde;o que ser&aacute; adotado no pa&iacute;s. Est&aacute; em fase de conclus&atilde;o o relat&oacute;rio dos testes realizados pelo Instituto Mackenzie, com recursos das empresas de radiodifus&atilde;o &hellip; <a href=\"https:\/\/obscom.intervozes.org.br\/?p=21430\" class=\"more-link\">Continue lendo <span class=\"screen-reader-text\">H\u00e9lio Costa diz que testes do r\u00e1dio digital estar\u00e3o prontos em 2 meses<\/span> <span class=\"meta-nav\">&rarr;<\/span><\/a><\/p>\n","protected":false},"author":1,"featured_media":0,"comment_status":"open","ping_status":"open","sticky":false,"template":"","format":"standard","meta":{"footnotes":""},"categories":[39],"tags":[],"_links":{"self":[{"href":"https:\/\/obscom.intervozes.org.br\/index.php?rest_route=\/wp\/v2\/posts\/21430"}],"collection":[{"href":"https:\/\/obscom.intervozes.org.br\/index.php?rest_route=\/wp\/v2\/posts"}],"about":[{"href":"https:\/\/obscom.intervozes.org.br\/index.php?rest_route=\/wp\/v2\/types\/post"}],"author":[{"embeddable":true,"href":"https:\/\/obscom.intervozes.org.br\/index.php?rest_route=\/wp\/v2\/users\/1"}],"replies":[{"embeddable":true,"href":"https:\/\/obscom.intervozes.org.br\/index.php?rest_route=%2Fwp%2Fv2%2Fcomments&post=21430"}],"version-history":[{"count":0,"href":"https:\/\/obscom.intervozes.org.br\/index.php?rest_route=\/wp\/v2\/posts\/21430\/revisions"}],"wp:attachment":[{"href":"https:\/\/obscom.intervozes.org.br\/index.php?rest_route=%2Fwp%2Fv2%2Fmedia&parent=21430"}],"wp:term":[{"taxonomy":"category","embeddable":true,"href":"https:\/\/obscom.intervozes.org.br\/index.php?rest_route=%2Fwp%2Fv2%2Fcategories&post=21430"},{"taxonomy":"post_tag","embeddable":true,"href":"https:\/\/obscom.intervozes.org.br\/index.php?rest_route=%2Fwp%2Fv2%2Ftags&post=21430"}],"curies":[{"name":"wp","href":"https:\/\/api.w.org\/{rel}","templated":true}]}}