{"id":21429,"date":"2008-06-24T19:31:05","date_gmt":"2008-06-24T19:31:05","guid":{"rendered":"https:\/\/obscom.intervozes.org.br\/wordpress\/?p=21429"},"modified":"2008-06-24T19:31:05","modified_gmt":"2008-06-24T19:31:05","slug":"jornais-sao-condenados-por-publicarem-anuncios-discriminatorios","status":"publish","type":"post","link":"https:\/\/obscom.intervozes.org.br\/?p=21429","title":{"rendered":"Jornais s\u00e3o condenados por publicarem an\u00fancios discriminat\u00f3rios"},"content":{"rendered":"<p>   \t \t \t \t \t \t \t<!-- \t\t@page { margin: 2cm } \t\tP { margin-bottom: 0.21cm } \t--> \t       <\/p>\n<p style=\"margin-bottom: 0cm\" class=\"western\">Os jornais O Estado de S. Paulo e Jornal da Tarde foram condenados pelo Minist&eacute;rio P&uacute;blico do Trabalho (MPT) de S&atilde;o Paulo por publicarem an&uacute;ncios de emprego de car&aacute;ter discriminat&oacute;rio. Caso os jornais continuem divulgando as propagandas, dever&atilde;o pagar multa de R$ 1 mil por an&uacute;ncio. O valor ser&aacute; revertido ao Fundo de Amparo ao Trabalhador (FAT).<\/p>\n<p>Representado pela procuradora do Trabalho Vera L&uacute;cia Carlos, o MPT entrou com uma a&ccedil;&atilde;o contra os jornais porque os an&uacute;ncios de emprego publicados expressariam diversos requisitos para os candidatos aos empregos, que implicam em discrimina&ccedil;&atilde;o, especialmente de g&ecirc;nero e idade.<\/p>\n<p>O juiz do Trabalho Edson da Silva J&uacute;nior determinou que os jornais n&atilde;o publiquem an&uacute;ncios de emprego ou est&aacute;gio, atrav&eacute;s dos jornais, revistas ou por internet, com refer&ecirc;ncias ao sexo, etnia, cor, ra&ccedil;a, idade, apar&ecirc;ncia, religi&atilde;o, condi&ccedil;&otilde;es de sa&uacute;de, situa&ccedil;&atilde;o familiar, estado de gravidez, opini&atilde;o pol&iacute;tica, nacionalidade, origem, refer&ecirc;ncia aos requisitos de &quot;boa apar&ecirc;ncia&quot; ou de &quot;boa apresenta&ccedil;&atilde;o&quot;, solicita&ccedil;&atilde;o de fotos que acompanhem o &quot;curriculuim vitae&quot; do candidato, limita&ccedil;&atilde;o de idade e qualquer outra forma de discrimina&ccedil;&atilde;o.<\/p>\n<p><em>As informa&ccedil;&otilde;es s&atilde;o do site &Acirc;mbito Jur&iacute;dico<\/em>  <\/p>\n<p style=\"margin-bottom: 0cm\" class=\"western\"> <\/p>\n","protected":false},"excerpt":{"rendered":"<p>Os jornais O Estado de S. Paulo e Jornal da Tarde foram condenados pelo Minist&eacute;rio P&uacute;blico do Trabalho (MPT) de S&atilde;o Paulo por publicarem an&uacute;ncios de emprego de car&aacute;ter discriminat&oacute;rio. Caso os jornais continuem divulgando as propagandas, dever&atilde;o pagar multa de R$ 1 mil por an&uacute;ncio. O valor ser&aacute; revertido ao Fundo de Amparo ao &hellip; <a href=\"https:\/\/obscom.intervozes.org.br\/?p=21429\" class=\"more-link\">Continue lendo <span class=\"screen-reader-text\">Jornais s\u00e3o condenados por publicarem an\u00fancios discriminat\u00f3rios<\/span> <span class=\"meta-nav\">&rarr;<\/span><\/a><\/p>\n","protected":false},"author":1,"featured_media":0,"comment_status":"open","ping_status":"open","sticky":false,"template":"","format":"standard","meta":{"footnotes":""},"categories":[40],"tags":[796],"_links":{"self":[{"href":"https:\/\/obscom.intervozes.org.br\/index.php?rest_route=\/wp\/v2\/posts\/21429"}],"collection":[{"href":"https:\/\/obscom.intervozes.org.br\/index.php?rest_route=\/wp\/v2\/posts"}],"about":[{"href":"https:\/\/obscom.intervozes.org.br\/index.php?rest_route=\/wp\/v2\/types\/post"}],"author":[{"embeddable":true,"href":"https:\/\/obscom.intervozes.org.br\/index.php?rest_route=\/wp\/v2\/users\/1"}],"replies":[{"embeddable":true,"href":"https:\/\/obscom.intervozes.org.br\/index.php?rest_route=%2Fwp%2Fv2%2Fcomments&post=21429"}],"version-history":[{"count":0,"href":"https:\/\/obscom.intervozes.org.br\/index.php?rest_route=\/wp\/v2\/posts\/21429\/revisions"}],"wp:attachment":[{"href":"https:\/\/obscom.intervozes.org.br\/index.php?rest_route=%2Fwp%2Fv2%2Fmedia&parent=21429"}],"wp:term":[{"taxonomy":"category","embeddable":true,"href":"https:\/\/obscom.intervozes.org.br\/index.php?rest_route=%2Fwp%2Fv2%2Fcategories&post=21429"},{"taxonomy":"post_tag","embeddable":true,"href":"https:\/\/obscom.intervozes.org.br\/index.php?rest_route=%2Fwp%2Fv2%2Ftags&post=21429"}],"curies":[{"name":"wp","href":"https:\/\/api.w.org\/{rel}","templated":true}]}}