{"id":21414,"date":"2008-06-20T18:22:32","date_gmt":"2008-06-20T18:22:32","guid":{"rendered":"https:\/\/obscom.intervozes.org.br\/wordpress\/?p=21414"},"modified":"2008-06-20T18:22:32","modified_gmt":"2008-06-20T18:22:32","slug":"audiencias-publicas-sobre-o-pgo-comecam-em-27-de-junho","status":"publish","type":"post","link":"https:\/\/obscom.intervozes.org.br\/?p=21414","title":{"rendered":"Audi\u00eancias p\u00fablicas sobre o PGO come\u00e7am em 27 de junho"},"content":{"rendered":"\n<p><u><strong>Reproduzido do site Telecom Online<\/strong><\/u><\/p>\n<p>A primeira audi&ecirc;ncia p&uacute;blica sobre as propostas de mudan&ccedil;a no Plano Geral de Outorgas (PGO) e no Plano Geral de Atualiza&ccedil;&atilde;o da Regulamenta&ccedil;&atilde;o do setor (PGR) acontecer&aacute; dia 27 de junho, em Bras&iacute;lia. A Anatel agendou outras duas reuni&otilde;es: em 7 de julho em S&atilde;o Paulo e 14 de julho no Recife, quando espera receber contribui&ccedil;&otilde;es da sociedade sobre os textos colocados esta semana em consulta p&uacute;blica.<\/p>\n<p>Pelas regras da Anatel, nas audi&ecirc;ncias &eacute; assegurado ao participante o direito de manifesta&ccedil;&atilde;o oral ou por escrito. As manifesta&ccedil;&otilde;es ser&atilde;o respondidas pelos representantes da ag&ecirc;ncia durante a audi&ecirc;ncia, mas caso n&atilde;o seja poss&iacute;vel responder a todos os questionamentos, a resposta ser&aacute; encaminhada posteriormente. A Anatel promete divulgar a ata da audi&ecirc;ncia no prazo de at&eacute; dez dias &uacute;teis.<\/p>\n<p>O PGR apresenta as a&ccedil;&otilde;es a serem realizadas pela ag&ecirc;ncia nos pr&oacute;ximos anos com o objetivo de atualizar a regulamenta&ccedil;&atilde;o das telecomunica&ccedil;&otilde;es no Brasil. J&aacute; o PGO altera algumas regras de imediato, entre as quais a elimina&ccedil;&atilde;o das restri&ccedil;&otilde;es para que um mesmo grupo econ&ocirc;mico controle duas concession&aacute;rias de telefonia fixa.<\/p>\n","protected":false},"excerpt":{"rendered":"<p>Reproduzido do site Telecom Online A primeira audi&ecirc;ncia p&uacute;blica sobre as propostas de mudan&ccedil;a no Plano Geral de Outorgas (PGO) e no Plano Geral de Atualiza&ccedil;&atilde;o da Regulamenta&ccedil;&atilde;o do setor (PGR) acontecer&aacute; dia 27 de junho, em Bras&iacute;lia. A Anatel agendou outras duas reuni&otilde;es: em 7 de julho em S&atilde;o Paulo e 14 de julho &hellip; <a href=\"https:\/\/obscom.intervozes.org.br\/?p=21414\" class=\"more-link\">Continue lendo <span class=\"screen-reader-text\">Audi\u00eancias p\u00fablicas sobre o PGO come\u00e7am em 27 de junho<\/span> <span class=\"meta-nav\">&rarr;<\/span><\/a><\/p>\n","protected":false},"author":1,"featured_media":0,"comment_status":"open","ping_status":"open","sticky":false,"template":"","format":"standard","meta":{"footnotes":""},"categories":[39],"tags":[],"_links":{"self":[{"href":"https:\/\/obscom.intervozes.org.br\/index.php?rest_route=\/wp\/v2\/posts\/21414"}],"collection":[{"href":"https:\/\/obscom.intervozes.org.br\/index.php?rest_route=\/wp\/v2\/posts"}],"about":[{"href":"https:\/\/obscom.intervozes.org.br\/index.php?rest_route=\/wp\/v2\/types\/post"}],"author":[{"embeddable":true,"href":"https:\/\/obscom.intervozes.org.br\/index.php?rest_route=\/wp\/v2\/users\/1"}],"replies":[{"embeddable":true,"href":"https:\/\/obscom.intervozes.org.br\/index.php?rest_route=%2Fwp%2Fv2%2Fcomments&post=21414"}],"version-history":[{"count":0,"href":"https:\/\/obscom.intervozes.org.br\/index.php?rest_route=\/wp\/v2\/posts\/21414\/revisions"}],"wp:attachment":[{"href":"https:\/\/obscom.intervozes.org.br\/index.php?rest_route=%2Fwp%2Fv2%2Fmedia&parent=21414"}],"wp:term":[{"taxonomy":"category","embeddable":true,"href":"https:\/\/obscom.intervozes.org.br\/index.php?rest_route=%2Fwp%2Fv2%2Fcategories&post=21414"},{"taxonomy":"post_tag","embeddable":true,"href":"https:\/\/obscom.intervozes.org.br\/index.php?rest_route=%2Fwp%2Fv2%2Ftags&post=21414"}],"curies":[{"name":"wp","href":"https:\/\/api.w.org\/{rel}","templated":true}]}}