{"id":21403,"date":"2008-06-19T16:31:05","date_gmt":"2008-06-19T16:31:05","guid":{"rendered":"https:\/\/obscom.intervozes.org.br\/wordpress\/?p=21403"},"modified":"2008-06-19T16:31:05","modified_gmt":"2008-06-19T16:31:05","slug":"politica-de-cotas-a-producao-nacional-e-o-pomo-da-discordia","status":"publish","type":"post","link":"https:\/\/obscom.intervozes.org.br\/?p=21403","title":{"rendered":"Pol\u00edtica de cotas \u00e0 produ\u00e7\u00e3o nacional \u00e9 o pomo da disc\u00f3rdia"},"content":{"rendered":"<p>   \t \t \t \t \t \t \t<!-- \t\t@page { margin: 2cm } \t\tP { margin-bottom: 0.21cm } \t--> \t  <\/p>\n<p style=\"margin-bottom: 0cm\" class=\"western\">Ontem a chapa esquentou no durante debate do PL 29 na TV C&acirc;mara. Curiosamente, Celso Augusto Schr&ouml;der, coordenador-geral do F&oacute;rum Nacional pela Democratiza&ccedil;&atilde;o da Comunica&ccedil;&atilde;o (FNDC), fez coro com Alexandre Annenberg, presidente da Associa&ccedil;&atilde;o Brasileira de TV por Assinatura (ABTA), e Jos&eacute; Fernandes Pauletti, presidente da Associa&ccedil;&atilde;o Brasileira de Telefonia (Abrafix), contra a pol&iacute;tica de cotas para os produtores de conte&uacute;do nacional instituida no projeto pelo relator, deputado Jorge Bittar (PT-RJ). Para Celso Augusto, a discuss&atilde;o da obrigatoriedade das cotas &eacute; secund&aacute;ria. Dever&iacute;amos estar discutindo, ainda, a permiss&atilde;o para a participa&ccedil;&atilde;o do capital estratangeiro, sobretuto das telef&ocirc;nicass, autorizadas pelo projeto a entrar no setor. <\/p>\n<p>A discuss&atilde;o de ontem apenas antecipa a dura batalha pela manuten&ccedil;&atilde;o das cotas que Bittar come&ccedil;ar&aacute; a enfrentar, a partir da semana que vem, na comiss&atilde;o de Ci&ecirc;ncia e Tecnologia da C&acirc;mara. O deputado Paulo Bornhausen (DEM-SC) j&aacute; adiantou que pedir&aacute; &agrave; Bittar que retire a previs&atilde;o de cotas do texto do substitutivo ao PL 29. O texto original do PL &eacute; de autoria do pr&oacute;prio Bornhausen, e j&aacute; autoriza as empresas de telefonia fixa a oferecer servi&ccedil;os de televis&atilde;o por assinatura. As cotas para a produ&ccedil;&atilde;o nacional na TV paga foram acrescentadas por Bittar, no substitutivo.<\/p>\n<p>Pelo texto, os canais de programa&ccedil;&atilde;o ter&atilde;o que exibir, em hor&aacute;rio nobre, pelo menos tr&ecirc;s horas e meia de conte&uacute;do nacional por semana &#8211; metade realizado por produtora brasileira independente. S&oacute; estariam livres da cota os canais internacionais em l&iacute;ngua estrangeira e sem legendas em portugu&ecirc;s.<\/p>\n<p>Para Bornhausen, o projeto deveria tratar apenas da converg&ecirc;ncia digital, e n&atilde;o de conte&uacute;do. O deputado afirma que as cotas, em vez de estimular a produ&ccedil;&atilde;o de audiovisual, reduzem as produ&ccedil;&otilde;es de qualidade. (?!?!)<\/p>\n<p>Qualidade ali&aacute;s, foi o ponto levantado por Alexandre Annenberg, da ABTA, para bater na pol&iacute;tica de cotas, apoiado pelo deputado Jorginho Maluly (DEM-SP), membro da Comiss&atilde;o de Ci&ecirc;ncia e Tecnologia. Na opini&atilde;o de Annenberg, o instrumento de cotas n&atilde;o garante a qualidade. &quot; N&oacute;s temos exemplos in&uacute;meros de reservas de mercado que geram acomodamento e baixa qualidade, como &eacute; o caso da reserva de cotas de tela de cinema&quot;, atacou Annenberg. &quot;Entendo que necessariamente, em paralelo &agrave; cota, deveria haver mecanismos de incentivos &agrave; produ&ccedil;&atilde;o nacional &quot;, continuou ele.<\/p>\n<p>&quot;Tamb&eacute;m concordo que a cota em si, sozinha, n&atilde;o vai garantir a qualidade&quot;, afirmou Jorginho Maluly. &quot;N&oacute;s temos condi&ccedil;&otilde;es de produzir conte&uacute;do nacional de qualidade. Mas &eacute; preciso dar incentivo financeiro e incentivos fiscais para que isso aconte&ccedil;a. A carga tribut&aacute;ria de mais de 40% sobre a presta&ccedil;&atilde;o de servi&ccedil;o da cadeia audiovisual, por si s&oacute;, j&aacute; encarece muito a produ&ccedil;&atilde;o&quot;, completou Maluly. <\/p>\n<p>Em resposta, o deputado Jorge Bittar lembrou a todos que inclui no projeto um fundo para financiamento da cadeia audiovisual. &quot;Hoje o governo disponibiliza algumas poucas dezenas de milh&otilde;es de reais para este fim. N&oacute;s vamos ter um fundo R$ 500 milh&otilde;es\/ano para financiar a produ&ccedil;&atilde;o de canais brasileiros de qualidade. Canais infantis, de filmes, de document&aacute;rios, educativos e culturais, canais de extrema import&acirc;ncia para a popula&ccedil;&atilde;o brasileira&quot;, disse Bittar.<\/p>\n<p>&quot;&Eacute; evidente que o pa&iacute;s precisa de uma pol&iacute;tica de incentivo&quot;, emendou Celso Augusto Schr&ouml;der. &quot;Mas esse debate sobre cotas &eacute; secund&aacute;rio. O que est&aacute; sendo feito agora &eacute; um recorte dentro da televis&atilde;o a cabo. Cotas, ali&aacute;s, &eacute; um projeto da deputada Jandira Feghali (PCDB-RJ), para a radiodifus&atilde;o como um todo, que precisamos levar para toda a produ&ccedil;&atilde;o cultural brasileira. &Eacute; pertinente, mas secund&aacute;rio agora&quot;, explicou ele. &quot;O projeto n&atilde;o trata do fundamental, que &eacute; o filtro sobre a participa&ccedil;&atilde;o do capital estrangeiro. Esse &eacute; o problema&quot;, completou. &quot;N&atilde;o est&aacute; dito que as teles v&atilde;o produzir conte&uacute;do, por exemplo&quot;. <\/p>\n<p>&quot;Discordo&quot;, interveio Bittar. &quot;N&oacute;s estamos ampliando o mercado; diminuindo os pre&ccedil;os desses produtos, pelo aumento da competi&ccedil;&atilde;o; criando um fundo para financiar produ&ccedil;&atilde;o de melhor qualidade de produtos audiovisuais brasileiros. Ser&atilde;o R$ 500 milh&otilde;es em recursos para isso. N&oacute;s queremos pacotes mais baratos, de R$ 20, R$ 30, acess&iacute;veis &agrave; popula&ccedil;&atilde;o. E que canais infantis, de esportes, de filmes, de notici&aacute;rios, document&aacute;rios, tenham tamb&eacute;m conte&uacute;do brasileiro&quot;, ressaltou o deputado.<\/p>\n","protected":false},"excerpt":{"rendered":"<p>Ontem a chapa esquentou no durante debate do PL 29 na TV C&acirc;mara. Curiosamente, Celso Augusto Schr&ouml;der, coordenador-geral do F&oacute;rum Nacional pela Democratiza&ccedil;&atilde;o da Comunica&ccedil;&atilde;o (FNDC), fez coro com Alexandre Annenberg, presidente da Associa&ccedil;&atilde;o Brasileira de TV por Assinatura (ABTA), e Jos&eacute; Fernandes Pauletti, presidente da Associa&ccedil;&atilde;o Brasileira de Telefonia (Abrafix), contra a pol&iacute;tica de &hellip; <a href=\"https:\/\/obscom.intervozes.org.br\/?p=21403\" class=\"more-link\">Continue lendo <span class=\"screen-reader-text\">Pol\u00edtica de cotas \u00e0 produ\u00e7\u00e3o nacional \u00e9 o pomo da disc\u00f3rdia<\/span> <span class=\"meta-nav\">&rarr;<\/span><\/a><\/p>\n","protected":false},"author":1,"featured_media":0,"comment_status":"open","ping_status":"open","sticky":false,"template":"","format":"standard","meta":{"footnotes":""},"categories":[40],"tags":[556],"_links":{"self":[{"href":"https:\/\/obscom.intervozes.org.br\/index.php?rest_route=\/wp\/v2\/posts\/21403"}],"collection":[{"href":"https:\/\/obscom.intervozes.org.br\/index.php?rest_route=\/wp\/v2\/posts"}],"about":[{"href":"https:\/\/obscom.intervozes.org.br\/index.php?rest_route=\/wp\/v2\/types\/post"}],"author":[{"embeddable":true,"href":"https:\/\/obscom.intervozes.org.br\/index.php?rest_route=\/wp\/v2\/users\/1"}],"replies":[{"embeddable":true,"href":"https:\/\/obscom.intervozes.org.br\/index.php?rest_route=%2Fwp%2Fv2%2Fcomments&post=21403"}],"version-history":[{"count":0,"href":"https:\/\/obscom.intervozes.org.br\/index.php?rest_route=\/wp\/v2\/posts\/21403\/revisions"}],"wp:attachment":[{"href":"https:\/\/obscom.intervozes.org.br\/index.php?rest_route=%2Fwp%2Fv2%2Fmedia&parent=21403"}],"wp:term":[{"taxonomy":"category","embeddable":true,"href":"https:\/\/obscom.intervozes.org.br\/index.php?rest_route=%2Fwp%2Fv2%2Fcategories&post=21403"},{"taxonomy":"post_tag","embeddable":true,"href":"https:\/\/obscom.intervozes.org.br\/index.php?rest_route=%2Fwp%2Fv2%2Ftags&post=21403"}],"curies":[{"name":"wp","href":"https:\/\/api.w.org\/{rel}","templated":true}]}}