{"id":21392,"date":"2008-06-18T16:37:31","date_gmt":"2008-06-18T16:37:31","guid":{"rendered":"https:\/\/obscom.intervozes.org.br\/wordpress\/?p=21392"},"modified":"2008-06-18T16:37:31","modified_gmt":"2008-06-18T16:37:31","slug":"uma-vez-mais-comissao-adia-votacao-de-projeto","status":"publish","type":"post","link":"https:\/\/obscom.intervozes.org.br\/?p=21392","title":{"rendered":"Uma vez mais, comiss\u00e3o adia vota\u00e7\u00e3o de projeto"},"content":{"rendered":"<p>   \t \t \t \t \t \t \t<!-- \t\t@page { margin: 2cm } \t\tP { margin-bottom: 0.21cm } \t--><\/p>\n<p class=\"western\">Novamente, o PL 29\/2007, que trata do mercado de TV por assinatura e do audiovisual, entrou na pauta da Comiss&atilde;o de Ci&ecirc;ncia e Tecnologia, Comunica&ccedil;&atilde;o e Inform&aacute;tica (CCTI), mas n&atilde;o chegou a ser votado. O motivo tamb&eacute;m &eacute; velho conhecido dos deputados da comiss&atilde;o: a realiza&ccedil;&atilde;o de uma sess&atilde;o extraordin&aacute;ria no Plen&aacute;rio da C&acirc;mara dos Deputados para votar os destaques da emenda 29, que altera o sistema de financiamento da sa&uacute;de.<\/p>\n<p>A sess&atilde;o da CCTI foi aberta &agrave;s 11h, mas ficou apenas nos debates. E, com o iminente in&iacute;cio da Ordem do Dia no Plen&aacute;rio, a reuni&atilde;o foi encerrada cerca de meia hora depois. A sess&atilde;o serviu apenas para o desabafo do deputado-relator, Jorge Bittar, que voltou a acusar &quot;o grupo econ&ocirc;mico dominante&quot;, em clara refer&ecirc;ncia &agrave; Globo, de pressionar para que a proposta n&atilde;o seja votada. A briga em torno do texto continua sendo a implanta&ccedil;&atilde;o de um sistema de cotas.<\/p>\n<p>&quot;Curiosamente, est&aacute; entre os produtores nacionais, mais especificamente o maior deles, a maior resist&ecirc;ncia (&agrave;s cotas). Grupo este que negociou conosco &agrave; exaust&atilde;o&quot;, afirmou Bittar. Segundo o relator, a limita&ccedil;&atilde;o para a entrada das teles na produ&ccedil;&atilde;o de conte&uacute;dos nacional foi um dos itens negociados com este grupo que, agora, posiciona-se contra o projeto. &quot;Acho um absurdo a proibi&ccedil;&atilde;o unilateral de que todas as empresas de telecomunica&ccedil;&otilde;es n&atilde;o possam produzir conte&uacute;do apesar de ser nacionais. Aceitamos isso para o bem das negocia&ccedil;&otilde;es e agora, esse grupo quer puxar o tapete&quot;.<\/p>\n<p><strong>Press&atilde;o<\/strong><\/p>\n<p>O deputado reclamou ainda da forma com que alguns deputados estariam sendo informados sobre o conte&uacute;do do PL-29 por este grupo econ&ocirc;mico contr&aacute;rio &agrave; proposta. A cr&iacute;tica de Bittar gerou protestos dos deputados Paulo Bornhausen (DEM\/SC) e Emanuel Fernandes (PSDB\/SP). &quot;Eu n&atilde;o sofro esse problema, mas gostaria de saber quais deputados est&atilde;o passando por isso&quot;, provocou Bornhausen. J&aacute; Emanuel rebateu dizendo que nunca foi procurado por lobby algum sobre o PL-29, argumentando que as posturas contr&aacute;rias ao projeto n&atilde;o podem ser entendidas como um alinhamento ideol&oacute;gico a um ou outro grupo econ&ocirc;mico.<\/p>\n<p>Bittar contra-argumentou dizendo que n&atilde;o quis acusar nenhum l&iacute;der de m&aacute; vontade com o projeto, mas apenas demonstrar a for&ccedil;a do grupo que est&aacute; contra a proposta. Alegou que o mercado est&aacute; bloqueado por um &uacute;nico grupo econ&ocirc;mico e que o recente embate entre Abril e Sky por conta da retirada do canal MTV Brasil dos pacotes da operadora &eacute; uma demonstra&ccedil;&atilde;o clara desse dom&iacute;nio de mercado. &quot;Eu s&oacute; quero que n&oacute;s, brasileiros, tenhamos um lugar ao sol&quot;, afirmou o deputado, que foi aplaudido efusivamente por alguns representantes dos produtores independentes que estavam na comiss&atilde;o.<\/p>\n<p><strong>Nova tentativa<\/strong><\/p>\n<p>Mais uma tentativa de votar o PL-29 ser&aacute; feita na pr&oacute;xima quarta-feira (25\/6). Mas o presidente da CCTI se mostrou preocupado com o fato de que muitos partidos est&atilde;o marcando suas conven&ccedil;&otilde;es partid&aacute;rias para a pr&oacute;xima semana, o que pode comprometer novamente a vota&ccedil;&atilde;o. <\/p>\n","protected":false},"excerpt":{"rendered":"<p>Novamente, o PL 29\/2007, que trata do mercado de TV por assinatura e do audiovisual, entrou na pauta da Comiss&atilde;o de Ci&ecirc;ncia e Tecnologia, Comunica&ccedil;&atilde;o e Inform&aacute;tica (CCTI), mas n&atilde;o chegou a ser votado. O motivo tamb&eacute;m &eacute; velho conhecido dos deputados da comiss&atilde;o: a realiza&ccedil;&atilde;o de uma sess&atilde;o extraordin&aacute;ria no Plen&aacute;rio da C&acirc;mara dos &hellip; <a href=\"https:\/\/obscom.intervozes.org.br\/?p=21392\" class=\"more-link\">Continue lendo <span class=\"screen-reader-text\">Uma vez mais, comiss\u00e3o adia vota\u00e7\u00e3o de projeto<\/span> <span class=\"meta-nav\">&rarr;<\/span><\/a><\/p>\n","protected":false},"author":1,"featured_media":0,"comment_status":"open","ping_status":"open","sticky":false,"template":"","format":"standard","meta":{"footnotes":""},"categories":[40],"tags":[556],"_links":{"self":[{"href":"https:\/\/obscom.intervozes.org.br\/index.php?rest_route=\/wp\/v2\/posts\/21392"}],"collection":[{"href":"https:\/\/obscom.intervozes.org.br\/index.php?rest_route=\/wp\/v2\/posts"}],"about":[{"href":"https:\/\/obscom.intervozes.org.br\/index.php?rest_route=\/wp\/v2\/types\/post"}],"author":[{"embeddable":true,"href":"https:\/\/obscom.intervozes.org.br\/index.php?rest_route=\/wp\/v2\/users\/1"}],"replies":[{"embeddable":true,"href":"https:\/\/obscom.intervozes.org.br\/index.php?rest_route=%2Fwp%2Fv2%2Fcomments&post=21392"}],"version-history":[{"count":0,"href":"https:\/\/obscom.intervozes.org.br\/index.php?rest_route=\/wp\/v2\/posts\/21392\/revisions"}],"wp:attachment":[{"href":"https:\/\/obscom.intervozes.org.br\/index.php?rest_route=%2Fwp%2Fv2%2Fmedia&parent=21392"}],"wp:term":[{"taxonomy":"category","embeddable":true,"href":"https:\/\/obscom.intervozes.org.br\/index.php?rest_route=%2Fwp%2Fv2%2Fcategories&post=21392"},{"taxonomy":"post_tag","embeddable":true,"href":"https:\/\/obscom.intervozes.org.br\/index.php?rest_route=%2Fwp%2Fv2%2Ftags&post=21392"}],"curies":[{"name":"wp","href":"https:\/\/api.w.org\/{rel}","templated":true}]}}