{"id":21387,"date":"2008-06-17T17:05:40","date_gmt":"2008-06-17T17:05:40","guid":{"rendered":"https:\/\/obscom.intervozes.org.br\/wordpress\/?p=21387"},"modified":"2008-06-17T17:05:40","modified_gmt":"2008-06-17T17:05:40","slug":"definidas-regras-para-formacao-do-comite-de-defesa-dos-usuarios","status":"publish","type":"post","link":"https:\/\/obscom.intervozes.org.br\/?p=21387","title":{"rendered":"Definidas regras para forma\u00e7\u00e3o do Comit\u00ea de Defesa dos Usu\u00e1rios"},"content":{"rendered":"<p>   \t \t \t \t \t \t \t<!-- \t\t@page { margin: 2cm } \t\tP { margin-bottom: 0.21cm } \t--> \t        <\/p>\n<p class=\"western\">O Conselho Diretor da Ag&ecirc;ncia Nacional de Telecomunica&ccedil;&otilde;es (Anatel) aprovou a proposta de edital para a composi&ccedil;&atilde;o do Comit&ecirc; de Defesa dos Usu&aacute;rios dos Servi&ccedil;os de Telecomunica&ccedil;&otilde;es. A fun&ccedil;&atilde;o do comit&ecirc;, previsto no regimento interno da ag&ecirc;ncia, &eacute; ajudar a Anatel na formula&ccedil;&atilde;o de regulamentos e outras atividades internas que atinjam os consumidores de telecomunica&ccedil;&otilde;es.<\/p>\n<p>O comit&ecirc; ter&aacute; cinco representantes indicados pela sociedade civil. As vagas s&atilde;o divididas por servi&ccedil;o prestado no ambiente das telecomunica&ccedil;&otilde;es: telefonia fixa, telefonia m&oacute;vel (incluindo trunking e outros servi&ccedil;os com mobilidade), TV por assinatura, Telefone de Uso P&uacute;blico (TUP) e outros servi&ccedil;os de telecomunica&ccedil;&otilde;es.<\/p>\n<p>As entidades interessadas dever&atilde;o indicar nomes para as cinco vagas. A Anatel, ent&atilde;o, organizar&aacute; uma lista tr&iacute;plice para delibera&ccedil;&atilde;o do Conselho Diretor, que escolher&aacute; os titulares e suplentes para cada vaga.<\/p>\n<p>Al&eacute;m dos representantes da sociedade civil, o novo comit&ecirc; ter&aacute; ainda representantes da Anatel, do Departamento de Prote&ccedil;&atilde;o e Defesa do Consumidor (DPDC), do Minist&eacute;rio das Comunica&ccedil;&otilde;es, entre outros &oacute;rg&atilde;os p&uacute;blicos.<\/p>\n<p>N&atilde;o h&aacute; data prevista para o lan&ccedil;amento do edital.<em><\/p>\n<p>Com informa&ccedil;&otilde;es da Pay-TV News<\/em><\/p>\n","protected":false},"excerpt":{"rendered":"<p>O Conselho Diretor da Ag&ecirc;ncia Nacional de Telecomunica&ccedil;&otilde;es (Anatel) aprovou a proposta de edital para a composi&ccedil;&atilde;o do Comit&ecirc; de Defesa dos Usu&aacute;rios dos Servi&ccedil;os de Telecomunica&ccedil;&otilde;es. A fun&ccedil;&atilde;o do comit&ecirc;, previsto no regimento interno da ag&ecirc;ncia, &eacute; ajudar a Anatel na formula&ccedil;&atilde;o de regulamentos e outras atividades internas que atinjam os consumidores de telecomunica&ccedil;&otilde;es. &hellip; <a href=\"https:\/\/obscom.intervozes.org.br\/?p=21387\" class=\"more-link\">Continue lendo <span class=\"screen-reader-text\">Definidas regras para forma\u00e7\u00e3o do Comit\u00ea de Defesa dos Usu\u00e1rios<\/span> <span class=\"meta-nav\">&rarr;<\/span><\/a><\/p>\n","protected":false},"author":1,"featured_media":0,"comment_status":"open","ping_status":"open","sticky":false,"template":"","format":"standard","meta":{"footnotes":""},"categories":[40],"tags":[152],"_links":{"self":[{"href":"https:\/\/obscom.intervozes.org.br\/index.php?rest_route=\/wp\/v2\/posts\/21387"}],"collection":[{"href":"https:\/\/obscom.intervozes.org.br\/index.php?rest_route=\/wp\/v2\/posts"}],"about":[{"href":"https:\/\/obscom.intervozes.org.br\/index.php?rest_route=\/wp\/v2\/types\/post"}],"author":[{"embeddable":true,"href":"https:\/\/obscom.intervozes.org.br\/index.php?rest_route=\/wp\/v2\/users\/1"}],"replies":[{"embeddable":true,"href":"https:\/\/obscom.intervozes.org.br\/index.php?rest_route=%2Fwp%2Fv2%2Fcomments&post=21387"}],"version-history":[{"count":0,"href":"https:\/\/obscom.intervozes.org.br\/index.php?rest_route=\/wp\/v2\/posts\/21387\/revisions"}],"wp:attachment":[{"href":"https:\/\/obscom.intervozes.org.br\/index.php?rest_route=%2Fwp%2Fv2%2Fmedia&parent=21387"}],"wp:term":[{"taxonomy":"category","embeddable":true,"href":"https:\/\/obscom.intervozes.org.br\/index.php?rest_route=%2Fwp%2Fv2%2Fcategories&post=21387"},{"taxonomy":"post_tag","embeddable":true,"href":"https:\/\/obscom.intervozes.org.br\/index.php?rest_route=%2Fwp%2Fv2%2Ftags&post=21387"}],"curies":[{"name":"wp","href":"https:\/\/api.w.org\/{rel}","templated":true}]}}