{"id":21385,"date":"2008-06-17T13:24:19","date_gmt":"2008-06-17T13:24:19","guid":{"rendered":"https:\/\/obscom.intervozes.org.br\/wordpress\/?p=21385"},"modified":"2008-06-17T13:24:19","modified_gmt":"2008-06-17T13:24:19","slug":"um-balanco-do-forum-midia-livre","status":"publish","type":"post","link":"https:\/\/obscom.intervozes.org.br\/?p=21385","title":{"rendered":"Um balan\u00e7o do F\u00f3rum M\u00eddia Livre"},"content":{"rendered":"<p>   \t \t \t \t \t \t \t<!-- \t\t@page { margin: 2cm } \t\tP { margin-bottom: 0.21cm } \t--> \t  <\/p>\n<p style=\"margin-bottom: 0cm\" class=\"western\">O 1&ordm; F&oacute;rum de M&iacute;dia Livre, realizado neste final de semana no campus da Universidade Federal do Rio de Janeiro, superou as expectativas mais otimistas. Apesar da fr&aacute;gil divulga&ccedil;&atilde;o e da d&eacute;bil estrutura, ele reuniu cerca de 500 ativistas de v&aacute;rios estados, o que confirma a crescente rejei&ccedil;&atilde;o &agrave; ditadura midi&aacute;tica e a exist&ecirc;ncia de in&uacute;meras e ricas experi&ecirc;ncias independentes e alternativas por todo o pa&iacute;s. Lan&ccedil;ado em mar&ccedil;o, num encontro em S&atilde;o Paulo com 42 jornalistas, docentes e comunicadores sociais, o f&oacute;rum j&aacute; mostrou a sua for&ccedil;a e tem tudo para ser um ator importante na luta pela democratiza&ccedil;&atilde;o dos meios de comunica&ccedil;&atilde;o e pelo fortalecimento da m&iacute;dia livre.<\/p>\n<p>Al&eacute;m do aspecto quantitativo, que garantiu a sua representatividade, o f&oacute;rum teve uma qualidade que deve ser preservada e valorizada: a sua pluralidade. Durante os dois dias do evento na UFRJ, houve a conviv&ecirc;ncia madura e franca entre distintas concep&ccedil;&otilde;es e variadas experi&ecirc;ncias. Desde os que priorizam as iniciativas atomizadas e autonomistas, at&eacute; os que encaram esta batalha como eminentemente pol&iacute;tica, na qual a press&atilde;o sobre o Estado &eacute; decisiva. O f&oacute;rum teve a presen&ccedil;a de jornalistas da &ldquo;m&iacute;dia grande&rdquo; &ndash; embora poucos &ndash; e de ativistas que realizam, de forma her&oacute;ica e criativa, experi&ecirc;ncias em r&aacute;dios e TVs comunit&aacute;rias, sites, blogs, revistas e jornais.<\/p>\n<p>Nesta unidade na diversidade, surgiram v&aacute;rias propostas para o fortalecimento da m&iacute;dia livre no pa&iacute;s &ndash; como a da constru&ccedil;&atilde;o de uma rede colaborativa, um tipo de portal, que crie maior sinergia entre as v&aacute;rias experi&ecirc;ncias; a campanha pela democratiza&ccedil;&atilde;o das verbas publicit&aacute;rias; a luta pela realiza&ccedil;&atilde;o da Confer&ecirc;ncia Nacional de Comunica&ccedil;&atilde;o com crit&eacute;rios democr&aacute;ticos de participa&ccedil;&atilde;o; a exig&ecirc;ncia de que os Correios distribuam impressos alternativos, superando a atual monop&oacute;lio do setor; a campanha pela inclus&atilde;o digital e pela difus&atilde;o do software livre; constru&ccedil;&atilde;o de pontos de m&iacute;dia livre, seguindo a rica experi&ecirc;ncia dos pontos de cultura; entre outras id&eacute;ias.<\/p>\n<p>Os participantes tamb&eacute;m aprovaram os pr&oacute;ximos passos organizativos e pol&iacute;ticos do F&oacute;rum de M&iacute;dia Livre, o que consolida o movimento e indica que ele veio para jogar papel na sociedade. A pr&oacute;xima fase, no segundo semestre deste ano, ser&aacute; a da constitui&ccedil;&atilde;o dos n&uacute;cleos nos estados, que ter&atilde;o autonomia para organizar f&oacute;runs estaduais representativos; em janeiro pr&oacute;ximo, durante o F&oacute;rum Social Mundial em Bel&eacute;m, ocorrer&aacute; um encontro de car&aacute;ter mundial ou latino-americano dos &ldquo;midialivristas&rdquo;; e o segundo f&oacute;rum brasileiro foi marcado para 2008. Tamb&eacute;m foi composto um novo grupo de trabalho executivo nacional (GTE) para encaminhar as decis&otilde;es da UFRJ.<\/p>\n<p>No que se refere &agrave; a&ccedil;&atilde;o pol&iacute;tica, ficou acertada a ampla difus&atilde;o do manifesto do movimento, que ser&aacute; alvo de debates com os movimentos sociais e as for&ccedil;as pol&iacute;ticas. J&aacute; os n&uacute;cleos municipais e estaduais agendar&atilde;o encontros com representantes do Executivo, Legislativo e Judici&aacute;rio, assim como ser&atilde;o marcadas audi&ecirc;ncias com o presidente da Rep&uacute;blica, do Congresso e do STF. A id&eacute;ia &eacute; promover nesta data um ato pol&iacute;tico em Bras&iacute;lia. A partir do belo evento da UFRJ, o F&oacute;rum de M&iacute;dia Livre (FML) agora adquire nova din&acirc;mica e seu &ecirc;xito depender&aacute; do engajamento de todos os que encaram esta luta como indispens&aacute;vel &agrave; amplia&ccedil;&atilde;o da democracia no Brasil.  <\/p>\n","protected":false},"excerpt":{"rendered":"<p>O 1&ordm; F&oacute;rum de M&iacute;dia Livre, realizado neste final de semana no campus da Universidade Federal do Rio de Janeiro, superou as expectativas mais otimistas. Apesar da fr&aacute;gil divulga&ccedil;&atilde;o e da d&eacute;bil estrutura, ele reuniu cerca de 500 ativistas de v&aacute;rios estados, o que confirma a crescente rejei&ccedil;&atilde;o &agrave; ditadura midi&aacute;tica e a exist&ecirc;ncia de &hellip; <a href=\"https:\/\/obscom.intervozes.org.br\/?p=21385\" class=\"more-link\">Continue lendo <span class=\"screen-reader-text\">Um balan\u00e7o do F\u00f3rum M\u00eddia Livre<\/span> <span class=\"meta-nav\">&rarr;<\/span><\/a><\/p>\n","protected":false},"author":1,"featured_media":0,"comment_status":"open","ping_status":"open","sticky":false,"template":"","format":"standard","meta":{"footnotes":""},"categories":[42],"tags":[787],"_links":{"self":[{"href":"https:\/\/obscom.intervozes.org.br\/index.php?rest_route=\/wp\/v2\/posts\/21385"}],"collection":[{"href":"https:\/\/obscom.intervozes.org.br\/index.php?rest_route=\/wp\/v2\/posts"}],"about":[{"href":"https:\/\/obscom.intervozes.org.br\/index.php?rest_route=\/wp\/v2\/types\/post"}],"author":[{"embeddable":true,"href":"https:\/\/obscom.intervozes.org.br\/index.php?rest_route=\/wp\/v2\/users\/1"}],"replies":[{"embeddable":true,"href":"https:\/\/obscom.intervozes.org.br\/index.php?rest_route=%2Fwp%2Fv2%2Fcomments&post=21385"}],"version-history":[{"count":0,"href":"https:\/\/obscom.intervozes.org.br\/index.php?rest_route=\/wp\/v2\/posts\/21385\/revisions"}],"wp:attachment":[{"href":"https:\/\/obscom.intervozes.org.br\/index.php?rest_route=%2Fwp%2Fv2%2Fmedia&parent=21385"}],"wp:term":[{"taxonomy":"category","embeddable":true,"href":"https:\/\/obscom.intervozes.org.br\/index.php?rest_route=%2Fwp%2Fv2%2Fcategories&post=21385"},{"taxonomy":"post_tag","embeddable":true,"href":"https:\/\/obscom.intervozes.org.br\/index.php?rest_route=%2Fwp%2Fv2%2Ftags&post=21385"}],"curies":[{"name":"wp","href":"https:\/\/api.w.org\/{rel}","templated":true}]}}