{"id":21382,"date":"2008-06-16T15:10:14","date_gmt":"2008-06-16T15:10:14","guid":{"rendered":"https:\/\/obscom.intervozes.org.br\/wordpress\/?p=21382"},"modified":"2008-06-16T15:10:14","modified_gmt":"2008-06-16T15:10:14","slug":"gt-discute-propostas-para-destinacao-das-verbas-publicitarias-publicas","status":"publish","type":"post","link":"https:\/\/obscom.intervozes.org.br\/?p=21382","title":{"rendered":"GT discute propostas para destina\u00e7\u00e3o das verbas publicit\u00e1rias p\u00fablicas"},"content":{"rendered":"<p>   \t \t \t \t \t \t \t<!-- \t\t@page { margin: 2cm } \t\tP { margin-bottom: 0.21cm } \t--> \t  <\/p>\n<p style=\"margin-bottom: 0cm\" class=\"western\">A reuni&atilde;o do Grupo de Trabalho Democratiza&ccedil;&atilde;o da Publicidade P&uacute;blica e dos Espa&ccedil;os na M&iacute;dia P&uacute;blica retirou, do encontro realizado s&aacute;bado (14), 50 id&eacute;ias que podem ser trabalhadas posteriormente como propostas efetivas para desconcentrar o destino dos recursos de publicidade das diversas inst&acirc;ncias de governo.<\/p>\n<p>Dentre as delibera&ccedil;&otilde;es, foram definidos como eixos estruturantes a realiza&ccedil;&atilde;o de uma campanha pela democratiza&ccedil;&atilde;o das verbas publicit&aacute;rias p&uacute;blicas, trazendo assim o debate para toda a sociedade. Al&eacute;m disso, o GT tamb&eacute;m considerou fundamental incentivar a promo&ccedil;&atilde;o de pol&iacute;ticas p&uacute;blicas de incentivo &agrave; diversidade por meio do fomento &agrave; produ&ccedil;&atilde;o e &agrave; distribui&ccedil;&atilde;o.<\/p>\n<p>A desigualdade do destino dos recursos publicit&aacute;rios no Brasil t&ecirc;m v&aacute;rias clivagens. Em 2007, a TV ficou com 59,2%, enquanto a produ&ccedil;&atilde;o escrita brasileira concentrou 25% das verbas publicit&aacute;rias. Em termos regionais, S&atilde;o Paulo det&eacute;m 44% do total e o Rio de Janeiro fica com 23%. Sul e Sudeste, sem os dois estados, tem 19,5% das verbas. No que diz respeito &agrave;s verbas publicit&aacute;rias p&uacute;blicas, o governo federal tem investido R$ 1 bilh&atilde;o por ano. A Caixa Econ&ocirc;mica Federal investe R$ 230 milh&otilde;es na &aacute;rea &eacute; a maior respons&aacute;vel por an&uacute;ncios do governo.<\/p>\n<p>Claiton Mello, gerente de comunica&ccedil;&atilde;o da Funda&ccedil;&atilde;o Banco do Brasil, citou estudo de Ladislaw Dowbor, que aponta um montante de US$$ 1 trilh&atilde;o gastos em m&iacute;dia no mundo. &ldquo;Mas quem paga essa m&iacute;dia? Enquanto a Globo tem 50% de audi&ecirc;ncia, leva 70% a 80% das verbas publicit&aacute;rias. Os grandes ve&iacute;culos vendem espa&ccedil;o publicit&aacute;rio mas n&atilde;o t&ecirc;m preocupa&ccedil;&atilde;o com o conte&uacute;do&rdquo;, argumentou, questionando tamb&eacute;m, assim como a maioria dos participantes do GT, os &ldquo;crit&eacute;rios t&eacute;cnicos&rdquo; que acabam barrando a destina&ccedil;&atilde;o de an&uacute;ncios a ve&iacute;culos que est&atilde;o fora dos grandes meios.<\/p>\n<p><strong>Condi&ccedil;&otilde;es de produ&ccedil;&atilde;o<\/strong><\/p>\n<p>&ldquo;&Eacute; preciso uma maior profissionaliza&ccedil;&atilde;o, se houvesse uma entidade semelhante &agrave; que os grandes ve&iacute;culos t&ecirc;m, seria poss&iacute;vel fazer mais press&atilde;o, como eles fazem&rdquo;, destacou Joaquim Barroncas, representante comercial de ve&iacute;culos independentes, sobre a necessidade de articula&ccedil;&atilde;o na &aacute;rea. &ldquo;H&aacute; um crit&eacute;rio adotado pelo governo que exclui ve&iacute;culos democr&aacute;ticos, como o custo por mil. Existem ve&iacute;culos independentes hoje que recebiam mais recursos nos governos Sarney e FHC&rdquo;, criticou.<\/p>\n<p>Para Rodrigo Gu&eacute;ron, do Le Monde Diplomatique, a m&iacute;dia independente n&atilde;o deve desempenhar um papel de &ldquo;miss&atilde;o civilizat&oacute;ria&rdquo;. &ldquo;Ningu&eacute;m precisa ensinar a favela a produzir, porque ela produz o tempo todo. O poder chega atrasado querendo capturar de alguma maneira&rdquo;, apontou. &ldquo;A democratiza&ccedil;&atilde;o das verbas passa pela democratiza&ccedil;&atilde;o das condi&ccedil;&otilde;es de produ&ccedil;&atilde;o. &Eacute; preciso multiplicar os pontos de m&iacute;dia, o produto que mais circula no mundo, para o bem e para o mal, &eacute; a imagem, o som. &Eacute; preciso uma democratiza&ccedil;&atilde;o radical dos &oacute;rg&atilde;os de produ&ccedil;&atilde;o.&rdquo;<\/p>\n<p>Houve tamb&eacute;m propostas no sentido de ampliar as possibilidades de obten&ccedil;&atilde;o de recursos fora do &acirc;mbito estatal. &ldquo;&Eacute; preciso ter um sistema, uma esp&eacute;cie de Google Adsense para ve&iacute;culos independentes&rdquo;, defendeu Gilberto de Souza, editor-chefe do jornal Correio do Brasil. &ldquo;O Correio n&atilde;o recebe an&uacute;ncio de ningu&eacute;m, a n&atilde;o ser do Google. &Eacute; um sistema que j&aacute; existe, precisamos de um crit&eacute;rio para estabelecer de que maneira isso pode ser subvencionado e da&iacute; sim enfrentar essas nove fam&iacute;lias que dominam a m&iacute;dia.&rdquo;<\/p>\n<p>Para aumentar a visibilidade e tamb&eacute;m mobilizar outros setores da sociedade para discutir a quest&atilde;o, foi proposta uma marcha nacional para Bras&iacute;lia, al&eacute;m da tentativa de marcar uma audi&ecirc;ncia com o ministro-chefe da Secretaria de Comunica&ccedil;&atilde;o Social da Presid&ecirc;ncia da Rep&uacute;blica, Franklin Martins.<\/p>\n","protected":false},"excerpt":{"rendered":"<p>A reuni&atilde;o do Grupo de Trabalho Democratiza&ccedil;&atilde;o da Publicidade P&uacute;blica e dos Espa&ccedil;os na M&iacute;dia P&uacute;blica retirou, do encontro realizado s&aacute;bado (14), 50 id&eacute;ias que podem ser trabalhadas posteriormente como propostas efetivas para desconcentrar o destino dos recursos de publicidade das diversas inst&acirc;ncias de governo. Dentre as delibera&ccedil;&otilde;es, foram definidos como eixos estruturantes a realiza&ccedil;&atilde;o &hellip; <a href=\"https:\/\/obscom.intervozes.org.br\/?p=21382\" class=\"more-link\">Continue lendo <span class=\"screen-reader-text\">GT discute propostas para destina\u00e7\u00e3o das verbas publicit\u00e1rias p\u00fablicas<\/span> <span class=\"meta-nav\">&rarr;<\/span><\/a><\/p>\n","protected":false},"author":1,"featured_media":0,"comment_status":"open","ping_status":"open","sticky":false,"template":"","format":"standard","meta":{"footnotes":""},"categories":[40],"tags":[783],"_links":{"self":[{"href":"https:\/\/obscom.intervozes.org.br\/index.php?rest_route=\/wp\/v2\/posts\/21382"}],"collection":[{"href":"https:\/\/obscom.intervozes.org.br\/index.php?rest_route=\/wp\/v2\/posts"}],"about":[{"href":"https:\/\/obscom.intervozes.org.br\/index.php?rest_route=\/wp\/v2\/types\/post"}],"author":[{"embeddable":true,"href":"https:\/\/obscom.intervozes.org.br\/index.php?rest_route=\/wp\/v2\/users\/1"}],"replies":[{"embeddable":true,"href":"https:\/\/obscom.intervozes.org.br\/index.php?rest_route=%2Fwp%2Fv2%2Fcomments&post=21382"}],"version-history":[{"count":0,"href":"https:\/\/obscom.intervozes.org.br\/index.php?rest_route=\/wp\/v2\/posts\/21382\/revisions"}],"wp:attachment":[{"href":"https:\/\/obscom.intervozes.org.br\/index.php?rest_route=%2Fwp%2Fv2%2Fmedia&parent=21382"}],"wp:term":[{"taxonomy":"category","embeddable":true,"href":"https:\/\/obscom.intervozes.org.br\/index.php?rest_route=%2Fwp%2Fv2%2Fcategories&post=21382"},{"taxonomy":"post_tag","embeddable":true,"href":"https:\/\/obscom.intervozes.org.br\/index.php?rest_route=%2Fwp%2Fv2%2Ftags&post=21382"}],"curies":[{"name":"wp","href":"https:\/\/api.w.org\/{rel}","templated":true}]}}