{"id":21378,"date":"2008-06-16T12:03:31","date_gmt":"2008-06-16T12:03:31","guid":{"rendered":"https:\/\/obscom.intervozes.org.br\/wordpress\/?p=21378"},"modified":"2008-06-16T12:03:31","modified_gmt":"2008-06-16T12:03:31","slug":"participantes-apoiam-conferencia-de-comunicacao","status":"publish","type":"post","link":"https:\/\/obscom.intervozes.org.br\/?p=21378","title":{"rendered":"Participantes ap\u00f3iam Confer\u00eancia de Comunica\u00e7\u00e3o"},"content":{"rendered":"<p>   \t \t \t \t \t \t \t<!-- \t\t@page { margin: 2cm } \t\tP { margin-bottom: 0.21cm } \t--> \t      <\/p>\n<p style=\"margin-bottom: 0cm\" class=\"western\">O pedido de convoca&ccedil;&atilde;o da Confer&ecirc;ncia Nacional de Comunica&ccedil;&atilde;o ao governo federal foi um dos principais pontos do documento final do I F&oacute;rum de M&iacute;dia Livre, que terminou, hoje, no Rio de Janeiro. O evento reuniu jornalistas e outros profissionais da &aacute;rea de comunica&ccedil;&atilde;o, junto com acad&ecirc;micos e estudantes para discutir a democratiza&ccedil;&atilde;o da informa&ccedil;&atilde;o.<\/p>\n<p>A Confer&ecirc;ncia Nacional de Comunica&ccedil;&atilde;o j&aacute; foi aprovada no Congresso Nacional com uma verba de R$20 milh&otilde;es e agora necessita de uma convoca&ccedil;&atilde;o por parte do Executivo. Segundo Ant&ocirc;nio Biondi, da coordena&ccedil;&atilde;o do f&oacute;rum e membro do Coletivo Intervozes, o documento ser&aacute; enviado aos principais representantes dos tr&ecirc;s poderes. &ldquo;A id&eacute;ia &eacute; que ele seja colocado &agrave; disposi&ccedil;&atilde;o para que outros ve&iacute;culos de comunica&ccedil;&atilde;o, incluindo blogs e r&aacute;dios comunit&aacute;rias, possam utiliz&aacute;-lo na campanha pela confer&ecirc;ncia.&rdquo;<\/p>\n<p>&Eacute; preciso que a sociedade fa&ccedil;a press&atilde;o, porque pelo Governo Federal isso ficaria ligado s&oacute; no Legislativo. &ldquo;N&oacute;s queremos ter uma confer&ecirc;ncia nacional como as outras (a exemplos das de Educa&ccedil;&atilde;o, Sa&uacute;de e Direitos Humanos)&rdquo; , avaliou Biondi, que disse n&atilde;o acreditar que a confer&ecirc;ncia saia ainda em 2008, &ldquo;j&aacute; que estamos num ano eleitoral&rdquo;.<\/p>\n<p>O jornalista Lalo Leal, apresentador do programa Ver Tv, transmitido pela TV Brasil, destacou a import&acirc;ncia da confer&ecirc;ncia como um espa&ccedil;o para a &ldquo;rediscuss&atilde;o de todo o marco legal da comunica&ccedil;&atilde;o no Brasil&rdquo;. Segundo ele, o F&oacute;rum de M&iacute;dia Livre &ldquo;entende que a legisla&ccedil;&atilde;o &eacute; muito antiquada e n&atilde;o d&aacute; conta do momento que estamos vivendo&rdquo;.<\/p>\n<p>Na avalia&ccedil;&atilde;o de Lalo Leal, h&aacute; uma concentra&ccedil;&atilde;o muito grande da m&iacute;dia em detrimento de uma comunica&ccedil;&atilde;o mais democr&aacute;tica. Ele acredita que j&aacute; existe uma forte sensibiliza&ccedil;&atilde;o na sociedade sobre a import&acirc;ncia da confer&ecirc;ncia.<\/p>\n<p>&ldquo;O dinheiro existe, assim como a vontade pol&iacute;tica de grande parte da sociedade. E agora me parece que tamb&eacute;m por parte os radiodifusores, que est&atilde;o preocupados com o ingresso no mercado brasileiro das empresas de telefonia. Eles querem discutir novas regras para o setor&rdquo;, avaliou Lalo Leal.<\/p>\n<p>Outros pontos que tamb&eacute;m tiveram destaque no encontro foram a democratiza&ccedil;&atilde;o das verbas p&uacute;blicas de publicidade, que segundo os participantes ficam concentradas com as grandes empresas, a cria&ccedil;&atilde;o de uma rede atrav&eacute;s da Internet reunindo v&aacute;rias experi&ecirc;ncias de comunica&ccedil;&atilde;o alternativa e a utiliza&ccedil;&atilde;o dos Pontos de Cultura, implantados pelo Minist&eacute;rio da Cultura, para a produ&ccedil;&atilde;o de conte&uacute;dos de m&iacute;dia independente.<\/p>\n","protected":false},"excerpt":{"rendered":"<p>O pedido de convoca&ccedil;&atilde;o da Confer&ecirc;ncia Nacional de Comunica&ccedil;&atilde;o ao governo federal foi um dos principais pontos do documento final do I F&oacute;rum de M&iacute;dia Livre, que terminou, hoje, no Rio de Janeiro. O evento reuniu jornalistas e outros profissionais da &aacute;rea de comunica&ccedil;&atilde;o, junto com acad&ecirc;micos e estudantes para discutir a democratiza&ccedil;&atilde;o da informa&ccedil;&atilde;o. &hellip; <a href=\"https:\/\/obscom.intervozes.org.br\/?p=21378\" class=\"more-link\">Continue lendo <span class=\"screen-reader-text\">Participantes ap\u00f3iam Confer\u00eancia de Comunica\u00e7\u00e3o<\/span> <span class=\"meta-nav\">&rarr;<\/span><\/a><\/p>\n","protected":false},"author":1,"featured_media":0,"comment_status":"open","ping_status":"open","sticky":false,"template":"","format":"standard","meta":{"footnotes":""},"categories":[40],"tags":[783],"_links":{"self":[{"href":"https:\/\/obscom.intervozes.org.br\/index.php?rest_route=\/wp\/v2\/posts\/21378"}],"collection":[{"href":"https:\/\/obscom.intervozes.org.br\/index.php?rest_route=\/wp\/v2\/posts"}],"about":[{"href":"https:\/\/obscom.intervozes.org.br\/index.php?rest_route=\/wp\/v2\/types\/post"}],"author":[{"embeddable":true,"href":"https:\/\/obscom.intervozes.org.br\/index.php?rest_route=\/wp\/v2\/users\/1"}],"replies":[{"embeddable":true,"href":"https:\/\/obscom.intervozes.org.br\/index.php?rest_route=%2Fwp%2Fv2%2Fcomments&post=21378"}],"version-history":[{"count":0,"href":"https:\/\/obscom.intervozes.org.br\/index.php?rest_route=\/wp\/v2\/posts\/21378\/revisions"}],"wp:attachment":[{"href":"https:\/\/obscom.intervozes.org.br\/index.php?rest_route=%2Fwp%2Fv2%2Fmedia&parent=21378"}],"wp:term":[{"taxonomy":"category","embeddable":true,"href":"https:\/\/obscom.intervozes.org.br\/index.php?rest_route=%2Fwp%2Fv2%2Fcategories&post=21378"},{"taxonomy":"post_tag","embeddable":true,"href":"https:\/\/obscom.intervozes.org.br\/index.php?rest_route=%2Fwp%2Fv2%2Ftags&post=21378"}],"curies":[{"name":"wp","href":"https:\/\/api.w.org\/{rel}","templated":true}]}}