{"id":21372,"date":"2008-06-13T17:14:36","date_gmt":"2008-06-13T17:14:36","guid":{"rendered":"https:\/\/obscom.intervozes.org.br\/wordpress\/?p=21372"},"modified":"2008-06-13T17:14:36","modified_gmt":"2008-06-13T17:14:36","slug":"radiobras-e-oficialmente-incorporada-a-ebc","status":"publish","type":"post","link":"https:\/\/obscom.intervozes.org.br\/?p=21372","title":{"rendered":"Radiobr\u00e1s \u00e9 oficialmente incorporada \u00e0 EBC"},"content":{"rendered":"<p>   \t \t \t \t \t \t \t<!-- \t\t@page { margin: 2cm } \t\tP { margin-bottom: 0.21cm } \t--> \t     <\/p>\n<p style=\"margin-bottom: 0cm\" class=\"western\"><u><strong>Reproduzido do site Comunique-se<\/strong><\/u><\/p>\n<p>A Radiobr&aacute;s foi oficialmente incorporada &agrave; Empresa Brasil de Comunica&ccedil;&atilde;o (EBC) na quinta-feira (12\/6). A Procuradora Geral da Fazenda Nacional agendou a data de acordo com o processo que vem sendo desenvolvido desde o ano passado e culminou na lei&nbsp;que criou a empresa p&uacute;blica de m&iacute;dia.<\/p>\n<p>Antes mesmo da incorpora&ccedil;&atilde;o, Jos&eacute; Roberto Garcez, ent&atilde;o presidente da Radiobr&aacute;s, assumiu a diretoria da EBC Servi&ccedil;os, bra&ccedil;o da empresa respons&aacute;vel por divulga&ccedil;&atilde;o de atividades do governo, como o canal NBr e o programa de r&aacute;dio Caf&eacute; com o Presidente, entre outros meios.<\/p>\n<p>Ainda de acordo com a lei de cria&ccedil;&atilde;o, a Associa&ccedil;&atilde;o de Comunica&ccedil;&atilde;o Educativa Roquette Pinto (Acerp) deixar&aacute; de existir em tr&ecirc;s anos. O contrato de presta&ccedil;&atilde;o de servi&ccedil;os ser&aacute; modificado, e suas emissoras de TV e r&aacute;dio tamb&eacute;m ser&atilde;o absorvidas pela EBC.<\/p>\n<p>A lei tamb&eacute;m determina que os funcion&aacute;rios da Acerp podem ingressar na EBC por an&aacute;lise de curr&iacute;culo em at&eacute; 90 dias ap&oacute;s sua publica&ccedil;&atilde;o. O fato de poucos terem conseguido a migra&ccedil;&atilde;o e uma diferen&ccedil;a de tratamento entre celetistas, servidores alocados na Acerp e servidores da EBC, al&eacute;m da incerteza sobre o futuro, t&ecirc;m gerado grande desconforto e des&acirc;nimo nos corredores da empresa.<\/p>\n","protected":false},"excerpt":{"rendered":"<p>Reproduzido do site Comunique-se A Radiobr&aacute;s foi oficialmente incorporada &agrave; Empresa Brasil de Comunica&ccedil;&atilde;o (EBC) na quinta-feira (12\/6). A Procuradora Geral da Fazenda Nacional agendou a data de acordo com o processo que vem sendo desenvolvido desde o ano passado e culminou na lei&nbsp;que criou a empresa p&uacute;blica de m&iacute;dia. Antes mesmo da incorpora&ccedil;&atilde;o, Jos&eacute; &hellip; <a href=\"https:\/\/obscom.intervozes.org.br\/?p=21372\" class=\"more-link\">Continue lendo <span class=\"screen-reader-text\">Radiobr\u00e1s \u00e9 oficialmente incorporada \u00e0 EBC<\/span> <span class=\"meta-nav\">&rarr;<\/span><\/a><\/p>\n","protected":false},"author":1,"featured_media":0,"comment_status":"open","ping_status":"open","sticky":false,"template":"","format":"standard","meta":{"footnotes":""},"categories":[39],"tags":[],"_links":{"self":[{"href":"https:\/\/obscom.intervozes.org.br\/index.php?rest_route=\/wp\/v2\/posts\/21372"}],"collection":[{"href":"https:\/\/obscom.intervozes.org.br\/index.php?rest_route=\/wp\/v2\/posts"}],"about":[{"href":"https:\/\/obscom.intervozes.org.br\/index.php?rest_route=\/wp\/v2\/types\/post"}],"author":[{"embeddable":true,"href":"https:\/\/obscom.intervozes.org.br\/index.php?rest_route=\/wp\/v2\/users\/1"}],"replies":[{"embeddable":true,"href":"https:\/\/obscom.intervozes.org.br\/index.php?rest_route=%2Fwp%2Fv2%2Fcomments&post=21372"}],"version-history":[{"count":0,"href":"https:\/\/obscom.intervozes.org.br\/index.php?rest_route=\/wp\/v2\/posts\/21372\/revisions"}],"wp:attachment":[{"href":"https:\/\/obscom.intervozes.org.br\/index.php?rest_route=%2Fwp%2Fv2%2Fmedia&parent=21372"}],"wp:term":[{"taxonomy":"category","embeddable":true,"href":"https:\/\/obscom.intervozes.org.br\/index.php?rest_route=%2Fwp%2Fv2%2Fcategories&post=21372"},{"taxonomy":"post_tag","embeddable":true,"href":"https:\/\/obscom.intervozes.org.br\/index.php?rest_route=%2Fwp%2Fv2%2Ftags&post=21372"}],"curies":[{"name":"wp","href":"https:\/\/api.w.org\/{rel}","templated":true}]}}