{"id":21370,"date":"2008-06-13T16:42:30","date_gmt":"2008-06-13T16:42:30","guid":{"rendered":"https:\/\/obscom.intervozes.org.br\/wordpress\/?p=21370"},"modified":"2008-06-13T16:42:30","modified_gmt":"2008-06-13T16:42:30","slug":"proposta-de-pgo-exige-separacao-contabil-entre-telefonia-e-banda-larga","status":"publish","type":"post","link":"https:\/\/obscom.intervozes.org.br\/?p=21370","title":{"rendered":"Proposta de PGO exige separa\u00e7\u00e3o cont\u00e1bil entre telefonia e banda larga"},"content":{"rendered":"<p> \t \t \t \t \t \t<!-- \t\t@page { margin: 2cm } \t\tP { margin-bottom: 0.21cm } \t--> \t  <\/p>\n<p style=\"margin-bottom: 0cm\" class=\"western\"><a name=\"lblTexto2\"><\/a> O ponto mais pol&ecirc;mico da proposta de novo Plano Geral de Outorgas (PGO), anunciado nesta quinta-feira, 12, &eacute; a decis&atilde;o de que as concession&aacute;rias ter&atilde;o que separar as contas e a presta&ccedil;&atilde;o do Servi&ccedil;o de Comunica&ccedil;&otilde;es Multim&iacute;dia (SCM) do conjunto da concess&atilde;o. Ou seja, dados e telefonia ser&atilde;o tratados separadamente. <br \/>N&atilde;o se trata de uma separa&ccedil;&atilde;o estrutural, mas apenas cont&aacute;bil, financeira e jur&iacute;dica. A oferta de SCM dever&aacute; ser feita por uma empresa com CNPJ distinto do da concession&aacute;ria e apresentar contas separadas. Assim, no CNPJ da concession&aacute;ria poder&atilde;o ser prestados, exclusivamente, servi&ccedil;os de STFC local, LDN e LDI. <\/p>\n<p>Mas a exig&ecirc;ncia de separa&ccedil;&atilde;o n&atilde;o ser&aacute; imediata. O detalhamento de como deve ser cumprida a nova regra ser&aacute; estipulado no Plano Geral de Metas de Competi&ccedil;&atilde;o (PGMC) que, anos ap&oacute;s surgir como id&eacute;ia dentro da ag&ecirc;ncia, deve ser enfim materializado. Para a cria&ccedil;&atilde;o deste cap&iacute;tulo espec&iacute;fico, a Anatel promover&aacute; um estudo sobre os impactos econ&ocirc;micos e sociais da separa&ccedil;&atilde;o. Todo o processo deve ser conclu&iacute;do em 180 dias, ap&oacute;s a valida&ccedil;&atilde;o plena do novo PGO, segundo Ziller. <\/p>\n<p><strong>Cr&iacute;ticas <\/strong><\/p>\n<p>Antes mesmo de a nova obriga&ccedil;&atilde;o ser confirmada, a Oi reagiu com contund&ecirc;ncia &agrave; id&eacute;ia da Anatel. Na semana passada, o presidente da empresa, Luiz Eduardo Falco, declarou que se a proposta fosse levada a cabo, a Oi desistiria de comprar a Brasil Telecom. &quot;Acho que n&atilde;o sai a opera&ccedil;&atilde;o (se separar o SCM). Qualquer coisa que destrua o valor da nova companhia pode colocar em risco a viabilidade da opera&ccedil;&atilde;o&quot;, afirmou Falco na &uacute;ltima sexta-feira, 6, durante a Telebrasil. <\/p>\n<p>Ziller alega que a separa&ccedil;&atilde;o, da forma como est&aacute; sendo feita, n&atilde;o inviabiliza a fus&atilde;o das concession&aacute;rias. &quot;Ningu&eacute;m aqui est&aacute; impedindo ningu&eacute;m de trabalhar. &Eacute; apenas uma separa&ccedil;&atilde;o de regime (jur&iacute;dico)&quot;, alegou o conselheiro, que entende a decis&atilde;o como uma simples regulamenta&ccedil;&atilde;o do que j&aacute; est&aacute; previsto no artigo 86 da Lei Geral de Telecomunica&ccedil;&otilde;es (LGT). <\/p>\n<p><strong>PL 29 <\/strong><\/p>\n<p>O conselheiro n&atilde;o v&ecirc; impedimentos na imposi&ccedil;&atilde;o da regra de separa&ccedil;&atilde;o com o fato de o PL 29\/2007, que trata do mercado de TV por assinatura e do audiovisual, propor uma nova reda&ccedil;&atilde;o para o artigo 86 da Lei Geral de Telecomunica&ccedil;&otilde;es, excluindo a exig&ecirc;ncia de separa&ccedil;&atilde;o entre STFC e SCM. O projeto est&aacute; em tramita&ccedil;&atilde;o na C&acirc;mara dos Deputados e ainda pode ter sua reda&ccedil;&atilde;o alterada pelos parlamentares. &quot;Tenho que trabalhar com a legisla&ccedil;&atilde;o vigente&quot;, argumentou Ziller. &quot;Se a lei mudar, a&iacute; muda tudo. N&atilde;o tem problema&quot;, complementou. <\/p>\n<p><strong>Provedores <\/strong><\/p>\n<p>Ziller negou que a separa&ccedil;&atilde;o seja uma forma de &quot;compensa&ccedil;&atilde;o&quot; para os demais operadores de servi&ccedil;o multim&iacute;dia ap&oacute;s a decis&atilde;o do governo de permitir que as concession&aacute;rias fa&ccedil;am a &uacute;ltima milha no programa de banda larga nas escolas. &quot;N&atilde;o tem nada a ver com backhaul nem com PGMU&quot;, declarou. &quot;As concession&aacute;rias ofereceram fazer de gra&ccedil;a. Se as empresas oferecem a presta&ccedil;&atilde;o de gra&ccedil;a por 18 anos, &eacute; claro que n&oacute;s vamos aceitar.&quot; <\/p>\n<p>O conselheiro tamb&eacute;m afastou a hip&oacute;tese de que a id&eacute;ia da separa&ccedil;&atilde;o tenha surgido para evitar subs&iacute;dios cruzados entre o STFC e o SCM. &quot;Jamais observamos subs&iacute;dio cruzado na concess&atilde;o.&quot; Segundo Ziller, a medida visaria exclusivamente o aumento da competi&ccedil;&atilde;o no mercado, em cumprimento &agrave;s premissas definidas na LGT e nas pol&iacute;ticas p&uacute;blicas do governo.<\/p>\n","protected":false},"excerpt":{"rendered":"<p>O ponto mais pol&ecirc;mico da proposta de novo Plano Geral de Outorgas (PGO), anunciado nesta quinta-feira, 12, &eacute; a decis&atilde;o de que as concession&aacute;rias ter&atilde;o que separar as contas e a presta&ccedil;&atilde;o do Servi&ccedil;o de Comunica&ccedil;&otilde;es Multim&iacute;dia (SCM) do conjunto da concess&atilde;o. Ou seja, dados e telefonia ser&atilde;o tratados separadamente. N&atilde;o se trata de uma &hellip; <a href=\"https:\/\/obscom.intervozes.org.br\/?p=21370\" class=\"more-link\">Continue lendo <span class=\"screen-reader-text\">Proposta de PGO exige separa\u00e7\u00e3o cont\u00e1bil entre telefonia e banda larga<\/span> <span class=\"meta-nav\">&rarr;<\/span><\/a><\/p>\n","protected":false},"author":1,"featured_media":0,"comment_status":"open","ping_status":"open","sticky":false,"template":"","format":"standard","meta":{"footnotes":""},"categories":[40],"tags":[608],"_links":{"self":[{"href":"https:\/\/obscom.intervozes.org.br\/index.php?rest_route=\/wp\/v2\/posts\/21370"}],"collection":[{"href":"https:\/\/obscom.intervozes.org.br\/index.php?rest_route=\/wp\/v2\/posts"}],"about":[{"href":"https:\/\/obscom.intervozes.org.br\/index.php?rest_route=\/wp\/v2\/types\/post"}],"author":[{"embeddable":true,"href":"https:\/\/obscom.intervozes.org.br\/index.php?rest_route=\/wp\/v2\/users\/1"}],"replies":[{"embeddable":true,"href":"https:\/\/obscom.intervozes.org.br\/index.php?rest_route=%2Fwp%2Fv2%2Fcomments&post=21370"}],"version-history":[{"count":0,"href":"https:\/\/obscom.intervozes.org.br\/index.php?rest_route=\/wp\/v2\/posts\/21370\/revisions"}],"wp:attachment":[{"href":"https:\/\/obscom.intervozes.org.br\/index.php?rest_route=%2Fwp%2Fv2%2Fmedia&parent=21370"}],"wp:term":[{"taxonomy":"category","embeddable":true,"href":"https:\/\/obscom.intervozes.org.br\/index.php?rest_route=%2Fwp%2Fv2%2Fcategories&post=21370"},{"taxonomy":"post_tag","embeddable":true,"href":"https:\/\/obscom.intervozes.org.br\/index.php?rest_route=%2Fwp%2Fv2%2Ftags&post=21370"}],"curies":[{"name":"wp","href":"https:\/\/api.w.org\/{rel}","templated":true}]}}