{"id":21369,"date":"2008-06-13T16:27:46","date_gmt":"2008-06-13T16:27:46","guid":{"rendered":"https:\/\/obscom.intervozes.org.br\/wordpress\/?p=21369"},"modified":"2008-06-13T16:27:46","modified_gmt":"2008-06-13T16:27:46","slug":"concessionarias-terao-de-separar-operacao-da-banda-larga","status":"publish","type":"post","link":"https:\/\/obscom.intervozes.org.br\/?p=21369","title":{"rendered":"Concession\u00e1rias ter\u00e3o de separar opera\u00e7\u00e3o da banda larga"},"content":{"rendered":"<p>   \t \t \t \t \t \t \t<!-- \t\t@page { margin: 2cm } \t\tP { margin-bottom: 0.21cm } \t-->O Conselho Diretor da Anatel deu uma boa not&iacute;cia para as pequenas empresas que prestam o Servi&ccedil;o de Comunica&ccedil;&atilde;o Multim&iacute;dia (SCM). O &oacute;rg&atilde;o regulador quer a separa&ccedil;&atilde;o da contabilidade do&nbsp;arrecadado com&nbsp;Servi&ccedil;o Telef&ocirc;nico Fixo Comutado&nbsp;da receita gerada&nbsp;com o Servi&ccedil;o de Comunica&ccedil;&otilde;es Multim&iacute;dia pelas concession&aacute;rias.<\/p>\n<p>Em outras palavras, a Ag&ecirc;ncia aprendeu a li&ccedil;&atilde;o. No passado, ap&oacute;s a privatiza&ccedil;&atilde;o, a Anatel n&atilde;o interferiu na compra pelas concession&aacute;rias do STFC&nbsp;dos grandes portais de Internet. Esses canais passaram a oferecer servi&ccedil;os de acesso gratuito,&nbsp;uma vez que a&nbsp;remunera&ccedil;&atilde;o viria&nbsp;a partir do incremento do&nbsp;tr&aacute;fego na rede de telefonia.<\/p>\n<p>Muitos pequenos provedores quebraram por n&atilde;o terem o mesmo benef&iacute;cio das concession&aacute;rias ou, simplesmente,&nbsp;foram absorvidos pelos grandes portais. A Anatel sempre alegou que nunca houve a comprova&ccedil;&atilde;o de que as teles remuneravam os portais gratuitos pelo tr&aacute;fego,&nbsp;uma vez&nbsp;que na contabilidade dessas empresas, n&atilde;o havia uma distin&ccedil;&atilde;o clara do que seriam liga&ccedil;&otilde;es telef&ocirc;nicas&nbsp;ou conex&otilde;es discadas&nbsp;de acesso &agrave;&nbsp;Internet.<\/p>\n<p>Pelas mudan&ccedil;as que ocorrer&atilde;o no Plano Geral de Outorgas, as concession&aacute;rias do STFC n&atilde;o est&atilde;o impedidas de utilizarem as licen&ccedil;as de SCM que obtiveram da Anatel. Por&eacute;m o &oacute;rg&atilde;o quer a contabilidade distinta. Isso poder&aacute; permitir que pequenos provedores de SCM possam cobrar isonomia de tratamento junto ao &oacute;rg&atilde;o regulador no pedido de novas portas de acesso &agrave; Internet,&nbsp;caso as teles decidam vir a praticar algum tipo de subsidio cruzado com suas empresas de SCM.<\/p>\n<p>O Conselheiro Pedro Jaime Ziller disse que houve um equ&iacute;voco de interpreta&ccedil;&atilde;o quanto ao Ato da Anatel, publicado durante o lan&ccedil;amento do Plano de Internet Banda Larga nas Escolas. Naquele instrumento, segundo ele, as concession&aacute;rias detentoras de licen&ccedil;as de SCM podem oferecer servi&ccedil;o de acesso &agrave; Internet gratuito para as escolas por 18 anos.<\/p>\n<p>Mas tal benef&iacute;cio tamb&eacute;m seria estendido para as pequenas empresas de SCM, caso elas venham a pedir.&nbsp;&quot;Quem quiser oferecer servi&ccedil;o de Internet banda larga de gra&ccedil;a para escolas, hospitais, delegacias ou qualquer outro local poder&aacute; faz&ecirc;-lo&quot;, garantiu. N&atilde;o &eacute; bem assim. Para poderem acessar a rede das concession&aacute;rias, os pequenos provedores de SCM, hoje,&nbsp;pagam e caro, pelo espa&ccedil;o na infra-estrutura das redes de telecomunica&ccedil;&otilde;es.<\/p>\n<p>Com a separa&ccedil;&atilde;o da contabilidade, as concession&aacute;rias n&atilde;o poder&atilde;o estimular a&nbsp;internet banda larga&nbsp;gratuita para outros segmentos da sociedade, sem que concedam isonomia de tratamento aos pequenos provedores,&nbsp;uma vez que eles&nbsp;poder&atilde;o conhecer os custos dessa atividade. J&aacute;&nbsp;o backhaul, a grande rede acordada com o governo em troca da n&atilde;o implanta&ccedil;&atilde;o dos Postos de Servi&ccedil;os de Telecomunica&ccedil;&otilde;es (PSTs),&nbsp;permanecer&aacute; fazendo&nbsp;parte da concess&atilde;o. <\/p>\n","protected":false},"excerpt":{"rendered":"<p>O Conselho Diretor da Anatel deu uma boa not&iacute;cia para as pequenas empresas que prestam o Servi&ccedil;o de Comunica&ccedil;&atilde;o Multim&iacute;dia (SCM). O &oacute;rg&atilde;o regulador quer a separa&ccedil;&atilde;o da contabilidade do&nbsp;arrecadado com&nbsp;Servi&ccedil;o Telef&ocirc;nico Fixo Comutado&nbsp;da receita gerada&nbsp;com o Servi&ccedil;o de Comunica&ccedil;&otilde;es Multim&iacute;dia pelas concession&aacute;rias. Em outras palavras, a Ag&ecirc;ncia aprendeu a li&ccedil;&atilde;o. No passado, ap&oacute;s a &hellip; <a href=\"https:\/\/obscom.intervozes.org.br\/?p=21369\" class=\"more-link\">Continue lendo <span class=\"screen-reader-text\">Concession\u00e1rias ter\u00e3o de separar opera\u00e7\u00e3o da banda larga<\/span> <span class=\"meta-nav\">&rarr;<\/span><\/a><\/p>\n","protected":false},"author":1,"featured_media":0,"comment_status":"open","ping_status":"open","sticky":false,"template":"","format":"standard","meta":{"footnotes":""},"categories":[40],"tags":[608],"_links":{"self":[{"href":"https:\/\/obscom.intervozes.org.br\/index.php?rest_route=\/wp\/v2\/posts\/21369"}],"collection":[{"href":"https:\/\/obscom.intervozes.org.br\/index.php?rest_route=\/wp\/v2\/posts"}],"about":[{"href":"https:\/\/obscom.intervozes.org.br\/index.php?rest_route=\/wp\/v2\/types\/post"}],"author":[{"embeddable":true,"href":"https:\/\/obscom.intervozes.org.br\/index.php?rest_route=\/wp\/v2\/users\/1"}],"replies":[{"embeddable":true,"href":"https:\/\/obscom.intervozes.org.br\/index.php?rest_route=%2Fwp%2Fv2%2Fcomments&post=21369"}],"version-history":[{"count":0,"href":"https:\/\/obscom.intervozes.org.br\/index.php?rest_route=\/wp\/v2\/posts\/21369\/revisions"}],"wp:attachment":[{"href":"https:\/\/obscom.intervozes.org.br\/index.php?rest_route=%2Fwp%2Fv2%2Fmedia&parent=21369"}],"wp:term":[{"taxonomy":"category","embeddable":true,"href":"https:\/\/obscom.intervozes.org.br\/index.php?rest_route=%2Fwp%2Fv2%2Fcategories&post=21369"},{"taxonomy":"post_tag","embeddable":true,"href":"https:\/\/obscom.intervozes.org.br\/index.php?rest_route=%2Fwp%2Fv2%2Ftags&post=21369"}],"curies":[{"name":"wp","href":"https:\/\/api.w.org\/{rel}","templated":true}]}}