{"id":21366,"date":"2008-06-12T18:56:17","date_gmt":"2008-06-12T18:56:17","guid":{"rendered":"https:\/\/obscom.intervozes.org.br\/wordpress\/?p=21366"},"modified":"2008-06-12T18:56:17","modified_gmt":"2008-06-12T18:56:17","slug":"ministerio-tem-120-dias-para-decidir-sobre-autorizacoes","status":"publish","type":"post","link":"https:\/\/obscom.intervozes.org.br\/?p=21366","title":{"rendered":"Minist\u00e9rio tem 120 dias para decidir sobre autoriza\u00e7\u00f5es"},"content":{"rendered":"<p>O Minist&eacute;rio das Comunica&ccedil;&otilde;es tem prazo m&aacute;ximo de 120 dias para apreciar os pedidos de autoriza&ccedil;&atilde;o para a explora&ccedil;&atilde;o dos servi&ccedil;os de radiodifus&atilde;o, formulados pelas associa&ccedil;&otilde;es comunit&aacute;rias do Piau&iacute;, pendentes h&aacute; mais de 18 meses. A decis&atilde;o &eacute; da Justi&ccedil;a Federal daquele estado, que deferiu liminar proposta pelo Minist&eacute;rio P&uacute;blico Federal no Piau&iacute; (MPF\/PI), em a&ccedil;&atilde;o civil p&uacute;blica movida pelo procurador da Rep&uacute;blica Kelston Pinheiro Lages contra a Uni&atilde;o. O descumprimento da decis&atilde;o implicar&aacute; multa, fixada em 50 mil reais por dia de atraso.<\/p>\n<p>Na sua argumenta&ccedil;&atilde;o, que foi acatada pelo juiz federal Ricardo Felipe Rodrigues Macieira, da 1&ordf; Vara Federal do Piau&iacute;, o procurador da Rep&uacute;blica Kelston Lages diz que a demora da autoridade governamental em apreciar os pedidos de autoriza&ccedil;&atilde;o impede o livre exerc&iacute;cio de direito assegurado pela pr&oacute;pria Constitui&ccedil;&atilde;o Federal relativos &agrave; liberdade de express&atilde;o e &agrave; comunica&ccedil;&atilde;o (artigo 5&deg;, incisos IX e XIV) e, ao mesmo tempo, afronta os princ&iacute;pios constitucionais da efici&ecirc;ncia e razoabilidade.<\/p>\n<p>No seu despacho, o juiz afirma que &ldquo;a decis&atilde;o n&atilde;o busca atribuir ao Poder Judici&aacute;rio as fun&ccedil;&otilde;es de formula&ccedil;&atilde;o e implementa&ccedil;&atilde;o de pol&iacute;ticas p&uacute;blicas, mas da obriga&ccedil;&atilde;o de assegurar a efic&aacute;cia e a integridade dos direitos fundamentais comprometidos em raz&atilde;o da in&eacute;rcia da Administra&ccedil;&atilde;o em manifestar-se a respeito dos pedidos de autoriza&ccedil;&atilde;o para a execu&ccedil;&atilde;o dos servi&ccedil;os de radiodifus&atilde;o comunit&aacute;ria&rdquo;.<\/p>\n<p>Macieira entende ainda que a liminar se justifica pelo fato de que a falta de manifesta&ccedil;&atilde;o, em prazo razo&aacute;vel, caracteriza por si s&oacute; intoler&aacute;vel e permanente restri&ccedil;&atilde;o ao exerc&iacute;cio de direito fundamental, acarretando reiterada les&atilde;o aos direitos das entidades que pleiteiam a explora&ccedil;&atilde;o do servi&ccedil;o.<\/p>\n<p>A demora do Minicom em apreciar os pedidos de concess&atilde;o de r&aacute;dios comunit&aacute;rias foi tema de audi&ecirc;ncia entre o presidente Luiz In&aacute;cio Lula da Silva, o ministro H&eacute;lio Costa (Comunica&ccedil;&otilde;es) e o presidente da Anatel, Ronaldo Sardenberg na semana passada. Segundo fontes, o governo tamb&eacute;m est&aacute; insatisfeito com a lentid&atilde;o do Minicom e cobrou mais agilidade na aprecia&ccedil;&atilde;o dos pedidos.<\/p>\n","protected":false},"excerpt":{"rendered":"<p>O Minist&eacute;rio das Comunica&ccedil;&otilde;es tem prazo m&aacute;ximo de 120 dias para apreciar os pedidos de autoriza&ccedil;&atilde;o para a explora&ccedil;&atilde;o dos servi&ccedil;os de radiodifus&atilde;o, formulados pelas associa&ccedil;&otilde;es comunit&aacute;rias do Piau&iacute;, pendentes h&aacute; mais de 18 meses. A decis&atilde;o &eacute; da Justi&ccedil;a Federal daquele estado, que deferiu liminar proposta pelo Minist&eacute;rio P&uacute;blico Federal no Piau&iacute; (MPF\/PI), em &hellip; <a href=\"https:\/\/obscom.intervozes.org.br\/?p=21366\" class=\"more-link\">Continue lendo <span class=\"screen-reader-text\">Minist\u00e9rio tem 120 dias para decidir sobre autoriza\u00e7\u00f5es<\/span> <span class=\"meta-nav\">&rarr;<\/span><\/a><\/p>\n","protected":false},"author":1,"featured_media":0,"comment_status":"open","ping_status":"open","sticky":false,"template":"","format":"standard","meta":{"footnotes":""},"categories":[40],"tags":[786],"_links":{"self":[{"href":"https:\/\/obscom.intervozes.org.br\/index.php?rest_route=\/wp\/v2\/posts\/21366"}],"collection":[{"href":"https:\/\/obscom.intervozes.org.br\/index.php?rest_route=\/wp\/v2\/posts"}],"about":[{"href":"https:\/\/obscom.intervozes.org.br\/index.php?rest_route=\/wp\/v2\/types\/post"}],"author":[{"embeddable":true,"href":"https:\/\/obscom.intervozes.org.br\/index.php?rest_route=\/wp\/v2\/users\/1"}],"replies":[{"embeddable":true,"href":"https:\/\/obscom.intervozes.org.br\/index.php?rest_route=%2Fwp%2Fv2%2Fcomments&post=21366"}],"version-history":[{"count":0,"href":"https:\/\/obscom.intervozes.org.br\/index.php?rest_route=\/wp\/v2\/posts\/21366\/revisions"}],"wp:attachment":[{"href":"https:\/\/obscom.intervozes.org.br\/index.php?rest_route=%2Fwp%2Fv2%2Fmedia&parent=21366"}],"wp:term":[{"taxonomy":"category","embeddable":true,"href":"https:\/\/obscom.intervozes.org.br\/index.php?rest_route=%2Fwp%2Fv2%2Fcategories&post=21366"},{"taxonomy":"post_tag","embeddable":true,"href":"https:\/\/obscom.intervozes.org.br\/index.php?rest_route=%2Fwp%2Fv2%2Ftags&post=21366"}],"curies":[{"name":"wp","href":"https:\/\/api.w.org\/{rel}","templated":true}]}}