{"id":21363,"date":"2008-06-12T16:49:16","date_gmt":"2008-06-12T16:49:16","guid":{"rendered":"https:\/\/obscom.intervozes.org.br\/wordpress\/?p=21363"},"modified":"2008-06-12T16:49:16","modified_gmt":"2008-06-12T16:49:16","slug":"por-que-realizar-a-conferencia-nacional-de-comunicacao","status":"publish","type":"post","link":"https:\/\/obscom.intervozes.org.br\/?p=21363","title":{"rendered":"Por que realizar a Confer\u00eancia Nacional de Comunica\u00e7\u00e3o?"},"content":{"rendered":"\n<p style=\"margin-bottom: 0cm\" class=\"western\">Todos os movimentos sociais ligados &agrave;s lutas pela democratiza&ccedil;&atilde;o da Comunica&ccedil;&atilde;o t&ecirc;m defendido a realiza&ccedil;&atilde;o da 1&ordf; Confer&ecirc;ncia Nacional de Comunica&ccedil;&atilde;o, convocada pelo poder Executivo. &Eacute; uma unanimidade que congrega entidades como o F&oacute;rum Nacional de Democratiza&ccedil;&atilde;o da Comunica&ccedil;&atilde;o (FNDC), a CUT, o Conselho Nacional de Psicologia, o Coletivo Intervozes, o PT, a Fenaj, os Sindicatos dos Jornalistas de todo Brasil, a Fitert (Radialistas), Abra&ccedil;o (R&aacute;dios Comunit&aacute;rias), etc.<\/p>\n<p>As confer&ecirc;ncias nacionais s&atilde;o espa&ccedil;os de participa&ccedil;&atilde;o popular e controle social, utilizados pelo governo federal para formular pol&iacute;ticas p&uacute;blicas para &aacute;reas diversas, como sa&uacute;de, cidades e juventude. Participam das confer&ecirc;ncias delegados representantes da sociedade civil, empres&aacute;rios e governos, de forma proporcional. Convocadas pelo poder Executivo, t&ecirc;m etapas municipais, estaduais, al&eacute;m da etapa nacional. S&atilde;o financiadas com recursos da Uni&atilde;o e presididas, normalmente, pelo minist&eacute;rio da &aacute;rea correlata.<\/p>\n<p>Constituem, assim, um espa&ccedil;o p&uacute;blico onde os diversos interesses, inclusive contradit&oacute;rios, de uma &aacute;rea s&atilde;o discutidos para estabelecer pol&iacute;ticas de Estado. Um espa&ccedil;o para a constru&ccedil;&atilde;o coletiva do interesse p&uacute;blico.<\/p>\n<p>As confer&ecirc;ncias s&atilde;o, em suma, espa&ccedil;os de exerc&iacute;cio democr&aacute;tico, de convers&atilde;o em discuss&atilde;o p&uacute;blica de temas que, no Estado brasileiro, normalmente s&atilde;o tratados na esfera privada. Radicalizam a democracia, aprofundam um caminho que come&ccedil;ou a ser trilhado no Brasil pela institui&ccedil;&atilde;o de conselhos municipais, estaduais e nacionais das mais diversas &aacute;reas e pelas pol&iacute;ticas de democracia diretas, como o Or&ccedil;amento Participativo e as audi&ecirc;ncias p&uacute;blicas dos poderes legislativos. S&oacute; isto bastaria para que a Confer&ecirc;ncia fosse considerada um ganho para a democratiza&ccedil;&atilde;o da comunica&ccedil;&atilde;o.<\/p>\n<p>Os empres&aacute;rios da &aacute;rea sempre foram os mais arredios a qualquer debate p&uacute;blico sobre o tema. Senhores dos instrumentos que, numa sociedade moldada pelos meios eletr&ocirc;nicos de comunica&ccedil;&atilde;o, lan&ccedil;am luzes ou trevas sobre os temas de interesse da sociedade, ocultaram, por anos, os debate sobre a &aacute;rea. Ou, tanto pior, distorceram acintosamente o debate quando o tema lhes interessava. O resultado &eacute; uma regula&ccedil;&atilde;o prec&aacute;ria da comunica&ccedil;&atilde;o no Brasil. Nenhuma outra &aacute;rea &eacute; t&atilde;o impenetr&aacute;vel &agrave; regula&ccedil;&atilde;o p&uacute;blica, t&atilde;o avessa &agrave;s regras do pr&oacute;prio capitalismo contra oligop&oacute;lio e monop&oacute;lio.<\/p>\n<p>Isso n&atilde;o bastasse, o momento demanda que a &aacute;rea seja debatida e os pr&oacute;prios radiodifusores se v&ecirc;em na prem&ecirc;ncia de participar do debate, pelas investidas das empresas de telefonia na &aacute;rea. A converg&ecirc;ncia engendrou a TV Digital, eliminou as diferen&ccedil;as entre redes (telefonia, TV a Cabo, sinal de TV, etc.) e trouxe novos agentes para o jogo. O momento &eacute; prop&iacute;cio; os interesses empresariais na &aacute;rea est&atilde;o cindidos; as novas tecnologias demandam um debate sobre como a sociedade deve se apropriar delas.<\/p>\n<p>O Executivo reluta. &Eacute; capaz de aplicar a l&oacute;gica das confer&ecirc;ncias nas mais diversas &aacute;reas, mas refuga quando se trata da comunica&ccedil;&atilde;o, &aacute;rea em que a atua&ccedil;&atilde;o do governo Lula &eacute;, ao menos at&eacute; agora, sofr&iacute;vel e decepcionante. Por isso, a press&atilde;o dos movimentos sociais deve se voltar sobre o Executivo, para que convoque ainda este ano a Confer&ecirc;ncia Nacional de Comunica&ccedil;&atilde;o. &Eacute; necess&aacute;rio, em benef&iacute;cio da sociedade; &eacute; poss&iacute;vel, pois nunca antes os empres&aacute;rios da &aacute;rea cogitaram ter que discutir seus interesses em espa&ccedil;o p&uacute;blico e talvez n&atilde;o tenham mais como fugir disso.<\/p>\n<p><em>* M&aacute;rio Messagi J&uacute;nior &eacute; jornalista, professor da UFPR e diretor do Sindijor-PR<br \/>* Fernando C&eacute;sar Oliveira &eacute; jornalista, membro do Coletivo PT de Comunica&ccedil;&atilde;o<\/em><\/p>\n","protected":false},"excerpt":{"rendered":"<p>Todos os movimentos sociais ligados &agrave;s lutas pela democratiza&ccedil;&atilde;o da Comunica&ccedil;&atilde;o t&ecirc;m defendido a realiza&ccedil;&atilde;o da 1&ordf; Confer&ecirc;ncia Nacional de Comunica&ccedil;&atilde;o, convocada pelo poder Executivo. &Eacute; uma unanimidade que congrega entidades como o F&oacute;rum Nacional de Democratiza&ccedil;&atilde;o da Comunica&ccedil;&atilde;o (FNDC), a CUT, o Conselho Nacional de Psicologia, o Coletivo Intervozes, o PT, a Fenaj, os &hellip; <a href=\"https:\/\/obscom.intervozes.org.br\/?p=21363\" class=\"more-link\">Continue lendo <span class=\"screen-reader-text\">Por que realizar a Confer\u00eancia Nacional de Comunica\u00e7\u00e3o?<\/span> <span class=\"meta-nav\">&rarr;<\/span><\/a><\/p>\n","protected":false},"author":1,"featured_media":0,"comment_status":"open","ping_status":"open","sticky":false,"template":"","format":"standard","meta":{"footnotes":""},"categories":[42],"tags":[785,784],"_links":{"self":[{"href":"https:\/\/obscom.intervozes.org.br\/index.php?rest_route=\/wp\/v2\/posts\/21363"}],"collection":[{"href":"https:\/\/obscom.intervozes.org.br\/index.php?rest_route=\/wp\/v2\/posts"}],"about":[{"href":"https:\/\/obscom.intervozes.org.br\/index.php?rest_route=\/wp\/v2\/types\/post"}],"author":[{"embeddable":true,"href":"https:\/\/obscom.intervozes.org.br\/index.php?rest_route=\/wp\/v2\/users\/1"}],"replies":[{"embeddable":true,"href":"https:\/\/obscom.intervozes.org.br\/index.php?rest_route=%2Fwp%2Fv2%2Fcomments&post=21363"}],"version-history":[{"count":0,"href":"https:\/\/obscom.intervozes.org.br\/index.php?rest_route=\/wp\/v2\/posts\/21363\/revisions"}],"wp:attachment":[{"href":"https:\/\/obscom.intervozes.org.br\/index.php?rest_route=%2Fwp%2Fv2%2Fmedia&parent=21363"}],"wp:term":[{"taxonomy":"category","embeddable":true,"href":"https:\/\/obscom.intervozes.org.br\/index.php?rest_route=%2Fwp%2Fv2%2Fcategories&post=21363"},{"taxonomy":"post_tag","embeddable":true,"href":"https:\/\/obscom.intervozes.org.br\/index.php?rest_route=%2Fwp%2Fv2%2Ftags&post=21363"}],"curies":[{"name":"wp","href":"https:\/\/api.w.org\/{rel}","templated":true}]}}