{"id":21362,"date":"2008-06-12T16:25:08","date_gmt":"2008-06-12T16:25:08","guid":{"rendered":"https:\/\/obscom.intervozes.org.br\/wordpress\/?p=21362"},"modified":"2008-06-12T16:25:08","modified_gmt":"2008-06-12T16:25:08","slug":"movimento-articula-iniciativas-para-enfrentar-hegemonia-da-grande-imprensa","status":"publish","type":"post","link":"https:\/\/obscom.intervozes.org.br\/?p=21362","title":{"rendered":"Movimento articula iniciativas para enfrentar hegemonia da grande imprensa"},"content":{"rendered":"<p><!-- \t\t@page { margin: 2cm } \t\tP { margin-bottom: 0.21cm } \t--> \t                     <\/p>\n<p style=\"margin-bottom: 0cm\" class=\"western\">Resultado do esfor&ccedil;o de entidades e organiza&ccedil;&otilde;es envolvidas na constru&ccedil;&atilde;o de meios alternativos de comunica&ccedil;&atilde;o, acontece no pr&oacute;ximo fim de semana o I F&oacute;rum de M&iacute;dia Livre, na cidade do Rio de Janeiro, no campus da Praia Vermelha da UFRJ. Entre espa&ccedil;os de apresenta&ccedil;&atilde;o de projetos de m&iacute;dia, exposi&ccedil;&otilde;es, distribui&ccedil;&atilde;o de jornais, revistas, DVDs e livros, cerca de 600 participantes devem discutir &ndash; em grupos de trabalho e plen&aacute;rias &ndash; maneiras de articular as chamadas m&iacute;dias livres. Um claro movimento de contraposi&ccedil;&atilde;o &agrave; hegemonia da grande imprensa.<\/p>\n<p>&ldquo;Existe a necessidade de dar uma resposta a essa situa&ccedil;&atilde;o que a imprensa est&aacute; passando. Isso que acontece no Brasil n&atilde;o &eacute; jornalismo, &eacute; atendimento a interesses de grupos econ&ocirc;micos&rdquo;, afirma Joaquim Palhares, diretor da Ag&ecirc;ncia Carta Maior e um dos impulsionadores do F&oacute;rum. Palhares cita a Guerra do Iraque, a tentativa de golpe na Venezuela e o tratamento dispensado ao Governo Lula como exemplos de como a m&iacute;dia assume posi&ccedil;&otilde;es partidarizadas e de embate com os movimentos sociais. &ldquo;A oposi&ccedil;&atilde;o no Brasil &eacute; muito ruim e se agarra na imprensa. O governo comete erros e, em cima disso, criam-se situa&ccedil;&otilde;es absurdas&rdquo;.<\/p>\n<p>Segundo Palhares, h&aacute; ainda outras duas quest&otilde;es que permearam os encontros regionais que desembocaram na organiza&ccedil;&atilde;o do F&oacute;rum no Rio de Janeiro: a divis&atilde;o das verbas p&uacute;blicas de publicidade e a forma&ccedil;&atilde;o dos profissionais de comunica&ccedil;&atilde;o devem ter destaque. Este &uacute;ltimo item, conta, deve fugir da quest&atilde;o da obrigatoriedade do diploma de jornalista. Esta abordagem teria, inclusive, afastado da organiza&ccedil;&atilde;o do evento os sindicatos que, segundo Palhares, t&ecirc;m uma vis&atilde;o &ldquo;corporativista&rdquo; da quest&atilde;o.<\/p>\n<p>A publicidade estatal, por sua vez, parece ocupar lugar central nas possibilidades de afirma&ccedil;&atilde;o de uma m&iacute;dia n&atilde;o vinculada ao mercado. S&oacute; o governo federal gasta cerca de R$ 1 bilh&atilde;o em verbas p&uacute;blicas em publicidade, verbas que s&atilde;o destinadas na sua quase totalidade de maneira generosa aos grandes meios de comunica&ccedil;&atilde;o comercial. &ldquo;Em outros pa&iacute;ses essa quest&atilde;o do financiamento &eacute; tratada de forma mais republicana, com crit&eacute;rios sociais&rdquo;, lembra Gustavo Barreto, blogueiro carioca e integrante do Movimento Humanista. &ldquo;Politicamente, as verbas p&uacute;blicas tem que ter um crit&eacute;rio universal para sua distribui&ccedil;&atilde;o e n&atilde;o por regras de mercado. N&oacute;s n&atilde;o participamos da defini&ccedil;&atilde;o dessas regras e isso tem que ser um crit&eacute;rio&rdquo;, concorda Palhares.<\/p>\n<p>Para Ant&ocirc;nio Biondi, do Intervozes &ndash; Coletivo Brasil de Comunica&ccedil;&atilde;o Social, outras pautas se imp&otilde;em para os atores envolvidos com as m&iacute;dias alternativas e livres. &ldquo;N&atilde;o d&aacute; pra pensar em uma m&iacute;dia alternativa forte em um pa&iacute;s onde a marca do setor de comunica&ccedil;&atilde;o &eacute; a concentra&ccedil;&atilde;o da propriedade&rdquo;, comenta. &ldquo;H&aacute; um papel simb&oacute;lico a cumprir, de comunica&ccedil;&atilde;o contra-hegem&ocirc;nica, mas h&aacute; tamb&eacute;m uma preocupa&ccedil;&atilde;o em fortalecer as m&iacute;dias livres como atores po&#314;&iacute;tico na briga por uma comunica&ccedil;&atilde;o mais democr&aacute;tica.&rdquo;<\/p>\n<p>Esta variedade de interesses e aspira&ccedil;&otilde;es que agora d&atilde;o origem ao F&oacute;rum de M&iacute;dia Livre pode ser entendido como um esfor&ccedil;o coletivo para que se estabele&ccedil;a definitivamente uma agenda comum. Gustavo Barreto celebra a diversidade do F&oacute;rum e acredita que &eacute; ela que garante a for&ccedil;a do evento. &ldquo;O F&oacute;rum vai ser muito diversificado, com muitas entidade e matizes pol&iacute;ticos diferentes. Ser o resultado da articula&ccedil;&atilde;o de v&aacute;rios grupos j&aacute; &eacute; uma vit&oacute;ria&rdquo;, e concorda com Palhares quando se trata de problematizar os interesses da grande m&iacute;dia. &ldquo;A primeira quest&atilde;o &eacute;: qual &eacute; o papel dos meios de comunica&ccedil;&atilde;o diante dos governos?&rdquo;<\/p>\n<p><strong>Pr&oacute;ximos passos<\/strong><\/p>\n<p>Para o diretor da Carta Maior, algumas iniciativas j&aacute; se delineam como aquelas que ser&atilde;o levadas adiante pelo F&oacute;rum M&iacute;dia Livre no momento posterior ao encontro do Rio. &ldquo;A proposta da organiza&ccedil;&atilde;o &eacute; que saia um documento ao final do f&oacute;rum, com as vontades manifestadas&rdquo;, disse. &ldquo;Cada representante leva para seu estado, mais gente assina, cada um leva ao prefeito e ao governador e a coorden&ccedil;&atilde;o nacional levar&aacute; ao presidente, ao STF, ao Congresso e sociedade civil.&rdquo;<\/p>\n<p>Biondi, do Intervozes, cr&ecirc; que a defini&ccedil;&atilde;o dos pr&oacute;ximos passos ainda est&aacute; em aberto, considerando a diversidade j&aacute; mencionada por Barreto e a din&acirc;mica que ainda dever&aacute; ser azeitada entre os participantes do F&oacute;rum M&iacute;dia Livre. &ldquo;Em um dia e meio, voc&ecirc; n&atilde;o d&aacute; conta de todas as expectativas que estar&atilde;o representadas no Rio, mas vai caber ao pr&oacute;prio F&oacute;rum encontrar o seu caminho e o seu tempo&rdquo;, comentou.<\/p>\n<p>O F&oacute;rum M&iacute;dia Livre inicia &agrave;s 9 horas do s&aacute;bado (14), no Audit&oacute;rio Pedro Calmon do F&oacute;rum de Ci&ecirc;ncia e Cultura (FCC). O Campus da Praia Vermelha da UFRJ fica na Avenida Pasteur, 250.<\/p>\n","protected":false},"excerpt":{"rendered":"<p>Mais de 600 pessoas comprometidas com a constru\u00e7\u00e3o de meios alternativos de comunica\u00e7\u00e3o j\u00e1 est\u00e3o inscritas para participar do evento neste fim de semana, no Rio de Janeiro<\/p>\n","protected":false},"author":1,"featured_media":0,"comment_status":"open","ping_status":"open","sticky":false,"template":"","format":"standard","meta":{"footnotes":""},"categories":[40],"tags":[783],"_links":{"self":[{"href":"https:\/\/obscom.intervozes.org.br\/index.php?rest_route=\/wp\/v2\/posts\/21362"}],"collection":[{"href":"https:\/\/obscom.intervozes.org.br\/index.php?rest_route=\/wp\/v2\/posts"}],"about":[{"href":"https:\/\/obscom.intervozes.org.br\/index.php?rest_route=\/wp\/v2\/types\/post"}],"author":[{"embeddable":true,"href":"https:\/\/obscom.intervozes.org.br\/index.php?rest_route=\/wp\/v2\/users\/1"}],"replies":[{"embeddable":true,"href":"https:\/\/obscom.intervozes.org.br\/index.php?rest_route=%2Fwp%2Fv2%2Fcomments&post=21362"}],"version-history":[{"count":0,"href":"https:\/\/obscom.intervozes.org.br\/index.php?rest_route=\/wp\/v2\/posts\/21362\/revisions"}],"wp:attachment":[{"href":"https:\/\/obscom.intervozes.org.br\/index.php?rest_route=%2Fwp%2Fv2%2Fmedia&parent=21362"}],"wp:term":[{"taxonomy":"category","embeddable":true,"href":"https:\/\/obscom.intervozes.org.br\/index.php?rest_route=%2Fwp%2Fv2%2Fcategories&post=21362"},{"taxonomy":"post_tag","embeddable":true,"href":"https:\/\/obscom.intervozes.org.br\/index.php?rest_route=%2Fwp%2Fv2%2Ftags&post=21362"}],"curies":[{"name":"wp","href":"https:\/\/api.w.org\/{rel}","templated":true}]}}