{"id":21355,"date":"2008-06-11T11:50:55","date_gmt":"2008-06-11T11:50:55","guid":{"rendered":"https:\/\/obscom.intervozes.org.br\/wordpress\/?p=21355"},"modified":"2008-06-11T11:50:55","modified_gmt":"2008-06-11T11:50:55","slug":"publicitarios-atacam-regulacao-de-propagandas-de-cerveja","status":"publish","type":"post","link":"https:\/\/obscom.intervozes.org.br\/?p=21355","title":{"rendered":"Publicit\u00e1rios atacam regula\u00e7\u00e3o de propagandas de cerveja"},"content":{"rendered":"\n<p><span>No in&iacute;cio do m&ecirc;s de maio,&nbsp;entrou na pauta da&nbsp;C&acirc;mara dos Deputados o Projeto de Lei 2.733\/2008, que restringe a publicidade de cerveja ao hor&aacute;rio de 21h &agrave;s 6h. Mesmo a mat&eacute;ria sendo iniciativa do governo federal e recebendo apoio expl&iacute;cito e constante de ministros, o lobby do setor publicit&aacute;rio foi eficiente ao demover a concord&acirc;ncia da maioria dos partidos da casa em rela&ccedil;&atilde;o ao texto. <\/span><\/p>\n<p class=\"MsoNormal\"><span>O projeto saiu de pauta, mas a ofensiva do mercado publicit&aacute;rio em dire&ccedil;&atilde;o aos parlamentares prossegue.&nbsp;O movimento&nbsp;teve um de seus &aacute;pices nesta te&ccedil;a-feira (10), com a realiza&ccedil;&atilde;o de um f&oacute;rum sobre a&nbsp; auto-regulamenta&ccedil;&atilde;o da publicidade na C&acirc;mara dos Deputados.<\/p>\n<p>O evento foi promovido pela Comiss&atilde;o de Ci&ecirc;ncia, Tecnologia, Comunica&ccedil;&atilde;o e Inform&aacute;tica (CCTCI)&nbsp;e pelo Conselho Nacional de Auto-Regulamenta&ccedil;&atilde;o Publicit&aacute;ria (Conar) e&nbsp;visou apresentar as vantagens da auto-regulamenta&ccedil;&atilde;o para a atividade. &ldquo;Toda vez que movimentam um projeto de lei sobre regulamenta&ccedil;&atilde;o da propaganda, o Conar vem em peso aqui para dentro. Em 2006, quando havia debate sobre restri&ccedil;&otilde;es a propagandas para crian&ccedil;as e adolescentes, eles fizeram press&atilde;o, reuniram com o presidente da casa&rdquo;, conta Augustino Veit, da Campanha pela &Eacute;tica na TV.<\/p>\n<p>O evento seguiu esta tend&ecirc;ncia e foi uma clara campanha de defesa da defini&ccedil;&atilde;o das regras para a publicidade pelo pr&oacute;prio mercado em detrimento de regulamenta&ccedil;&atilde;o pelo Legislativo, especialmente para o caso mais recente da limita&ccedil;&atilde;o dos an&uacute;ncios&nbsp;de cerveja. Em todos os materiais de divulga&ccedil;&atilde;o distribu&iacute;dos no evento, o Conar enalteceu as normas de conduta aprovadas por ele para as propagandas de bebidas alc&oacute;olicas. Entre elas est&atilde;o proibi&ccedil;&otilde;es a fazer apelo ao consumo, destinar as pe&ccedil;as ao p&uacute;blico infantil, apresentar qualquer tipo de imperativo como &ldquo;beba&rdquo;, explorar o erotismo ou associar a bebida a situa&ccedil;&otilde;es de &ecirc;xito profissional ou em rela&ccedil;&otilde;es amorosas.<\/p>\n<p>Nos debates, por&eacute;m, a pol&ecirc;mica sobre as bebidas alco&oacute;licas disfar&ccedil;ou-se sob a diverg&ecirc;ncia em rela&ccedil;&atilde;o &agrave; pertin&ecirc;ncia da auto-regulamenta&ccedil;&atilde;o. Representantes de ag&ecirc;ncias publicit&aacute;rias, do Conar e debatedores como o jornalista Eug&ecirc;nio Bucci defenderam a&nbsp;pr&aacute;tica enquanto princ&iacute;pio. &ldquo;A auto-regulamenta&ccedil;&atilde;o &eacute; um processo virtuoso&rdquo;,&nbsp;elogiou F&aacute;tima Jord&atilde;o, pesquisadora e diretor do Instituto de Defesa do Consumidor (Idec). Bucci advogou&nbsp;ser &ldquo;mais saud&aacute;vel deixar o Estado, na medida do poss&iacute;vel, longe das atividades relacionadas &agrave; comunica&ccedil;&atilde;o&rdquo;.<\/p>\n<p>J&aacute; o representante da Ag&ecirc;ncia de Not&iacute;cias dos Direitos da Inf&acirc;ncia (ANDI), Guilherme Canela, apontou fragilidades neste tipo de normatiza&ccedil;&atilde;o. &ldquo;A auto-regulamenta&ccedil;&atilde;o n&atilde;o possui o poder de obrigar um empres&aacute;rio a cumprir uma regra, ent&atilde;o quando a corda aperta o agente econ&ocirc;mico vai escolher quem: o c&oacute;digo de &eacute;tica ou o seu lucro?&rdquo;, indagou. Para Canela, a auto-regulamenta&ccedil;&atilde;o do mercado &eacute; importante, mas ela &eacute; insuficiente e deve ser combinada com a regula&ccedil;&atilde;o de &oacute;rg&atilde;os da sociedade e do Estado, sendo estes &uacute;ltimos os respons&aacute;veis por estabelecer limites concretos. <\/p>\n<p><strong>Apoio &agrave; restri&ccedil;&atilde;o<\/strong><\/p>\n<p>Ao serem indagados por este Observat&oacute;rio, durante o debate, acerca da posi&ccedil;&atilde;o sobre a imposi&ccedil;&atilde;o de limites &agrave; propaganda de bebidas alcolicas, os debatedores divergiram sobre a validade deste tipo de mecanismo. &ldquo;Cerca de 10% da popula&ccedil;&atilde;o enfrenta problemas com consumo abusivo de &aacute;lcool. Impor restri&ccedil;&atilde;o &agrave; comunica&ccedil;&atilde;o comercial destinada a 90% da popula&ccedil;&atilde;o n&atilde;o &eacute; democr&aacute;tico, como tamb&eacute;m n&atilde;o &eacute; democr&aacute;tico limitar a pol&iacute;tica p&uacute;blica de controle do &aacute;lcool apenas &agrave; publicidade&rdquo;, criticou Gilberto Leiffert, presidente do Conar.<\/p>\n<p>J&aacute; Eug&ecirc;nio Bucci e F&aacute;tima Jord&atilde;o, favor&aacute;veis &agrave; auto-regulamenta&ccedil;&atilde;o, se juntaram aos partid&aacute;rios do projeto de lei pelo reconhecimento do papel que as propagandas t&ecirc;m no est&iacute;mulo&nbsp;ao consumo de&nbsp;&aacute;lcool. &ldquo;A publicidade sobre bebidas alco&oacute;licas contribui para o aumento do consumo deste tipo de produto. Acho que a democracia pode conviver com restri&ccedil;&otilde;es &agrave; veicula&ccedil;&atilde;o de publicidade em certos hor&aacute;rios&rdquo;, defendeu Bucci. &ldquo;Defendo auto-regulamenta&ccedil;&atilde;o, mas sou sens&iacute;vel aos operadores da sa&uacute;de com rela&ccedil;&atilde;o &agrave; quest&atilde;o do consumo alco&oacute;lico&rdquo;, completou F&aacute;tima Jord&atilde;o.<\/p>\n<p>Para Guilherme Canela, o projeto &eacute; importante e deve ser aprovado, pois ele contribui para controlar uma das fontes de forte incentivo ao consumo de bebidas alco&oacute;licas. Todavia, a posi&ccedil;&atilde;o sens&iacute;vel de parte dos presentes ao evento n&atilde;o significa uma mudan&ccedil;a no quadro da futura aprecia&ccedil;&atilde;o do projeto de lei pelo Congresso. O lobby das empresas de bebidas &eacute; forte e eficaz pelo peso que estes agentes econ&ocirc;micos possuem na cesta de doadores em campanhas eleitorais. <\/p>\n<p>Segundo o l&iacute;der do governo na C&acirc;mara, Henrique Fontana, o acordo feito em maio para a retirada do projeto de pauta previa o seu retorno at&eacute; o final deste m&ecirc;s. O governo tentar&aacute; retomar a ofensiva e fazer um movimento de convencimento junto &agrave;s bancadas para votar a mat&eacute;ria. Resta saber se a for&ccedil;a do governo ser&aacute; suficiente para enfrentar Ambev e Cia.<\/span><\/p>\n","protected":false},"excerpt":{"rendered":"<p>Conar defende auto-regulamenta\u00e7\u00e3o e critica projeto que limita an\u00fancios de cerveja ao hor\u00e1rio de 21h \u00e0s 6h; mat\u00e9ria deve voltar \u00e0 pauta da C\u00e2mara dos Deputados ainda este m\u00eas. <\/p>\n","protected":false},"author":1,"featured_media":0,"comment_status":"open","ping_status":"open","sticky":false,"template":"","format":"standard","meta":{"footnotes":""},"categories":[40],"tags":[390],"_links":{"self":[{"href":"https:\/\/obscom.intervozes.org.br\/index.php?rest_route=\/wp\/v2\/posts\/21355"}],"collection":[{"href":"https:\/\/obscom.intervozes.org.br\/index.php?rest_route=\/wp\/v2\/posts"}],"about":[{"href":"https:\/\/obscom.intervozes.org.br\/index.php?rest_route=\/wp\/v2\/types\/post"}],"author":[{"embeddable":true,"href":"https:\/\/obscom.intervozes.org.br\/index.php?rest_route=\/wp\/v2\/users\/1"}],"replies":[{"embeddable":true,"href":"https:\/\/obscom.intervozes.org.br\/index.php?rest_route=%2Fwp%2Fv2%2Fcomments&post=21355"}],"version-history":[{"count":0,"href":"https:\/\/obscom.intervozes.org.br\/index.php?rest_route=\/wp\/v2\/posts\/21355\/revisions"}],"wp:attachment":[{"href":"https:\/\/obscom.intervozes.org.br\/index.php?rest_route=%2Fwp%2Fv2%2Fmedia&parent=21355"}],"wp:term":[{"taxonomy":"category","embeddable":true,"href":"https:\/\/obscom.intervozes.org.br\/index.php?rest_route=%2Fwp%2Fv2%2Fcategories&post=21355"},{"taxonomy":"post_tag","embeddable":true,"href":"https:\/\/obscom.intervozes.org.br\/index.php?rest_route=%2Fwp%2Fv2%2Ftags&post=21355"}],"curies":[{"name":"wp","href":"https:\/\/api.w.org\/{rel}","templated":true}]}}