{"id":21354,"date":"2008-06-10T01:27:09","date_gmt":"2008-06-10T01:27:09","guid":{"rendered":"https:\/\/obscom.intervozes.org.br\/wordpress\/?p=21354"},"modified":"2008-06-10T01:27:09","modified_gmt":"2008-06-10T01:27:09","slug":"eleicao-de-conselho-poe-em-xeque-modelo-de-gestao","status":"publish","type":"post","link":"https:\/\/obscom.intervozes.org.br\/?p=21354","title":{"rendered":"Elei\u00e7\u00e3o de conselho p\u00f5e em xeque modelo de gest\u00e3o"},"content":{"rendered":"\n<p class=\"MsoNormal\"><span>As reuni&otilde;es do Conselho Curador da Funda&ccedil;&atilde;o Padre Anchieta (FPA), mantenedora da TV Cultura de S&atilde;o Paulo, maior TV p&uacute;blica estadual do pa&iacute;s, precisam de um quorum bastante baixo para que possam ser realizadas. Para se instalar uma sess&atilde;o do conselho, basta a presen&ccedil;a de um ter&ccedil;o de seus 47 membros. Apesar de a exig&ecirc;ncia ser m&iacute;nima e a pauta do dia ser importante &ndash; justamente, a aprecia&ccedil;&atilde;o das indica&ccedil;&otilde;es de seis novos conselheiros &ndash;, o encontro marcado para a manh&atilde; desta segunda-feira (10) n&atilde;o ocorreu. Se os autoproclamados representantes da sociedade tinham conhecimento de suas fun&ccedil;&otilde;es neste dia, n&atilde;o se sabe. O cidad&atilde;o paulista, com toda a certeza, n&atilde;o tinha.<\/p>\n<p>&Agrave; &eacute;poca do estabelecimento da TV Brasil, muita pol&ecirc;mica se fez acerca da escolha dos membros do Conselho Curador de sua mantenedora, a Empresa Brasil de Comunica&ccedil;&atilde;o, feita integralmente pelo presidente da Rep&uacute;blica. Em meio aos debates, onde entidades e organiza&ccedil;&otilde;es da sociedade civil afirmavam a necessidade de autonomia e independ&ecirc;ncia atrav&eacute;s de processos transparentes de escolha de representantes pela pr&oacute;pria sociedade, a FPA era citada por alguns como exemplo de republicanismo.<\/p>\n<p>Contudo, uma an&aacute;lise minimamente atenta de seu estatuto, da composi&ccedil;&atilde;o de seu conselho e ainda o espanto que causa sua mais completa omiss&atilde;o em dar publicidade a seus atos contradizem os defensores da funda&ccedil;&atilde;o paulista. Sobram motivos para considerar a gest&atilde;o da Funda&ccedil;&atilde;o Padre Anchieta um contra-senso para uma emissora p&uacute;blica.<\/p>\n<p>Seu conselho &eacute; composto por 20 membros natos, 23 membros eleitos e 1 representante dos funcion&aacute;rios, todos com mandato de tr&ecirc;s anos e a possibilidade de uma reelei&ccedil;&atilde;o, al&eacute;m de 3 membros vital&iacute;cios. Entre os conselheiros natos, est&atilde;o representantes de secretarias de governo do estado e do munic&iacute;pio, reitores de universidades p&uacute;blicas e privadas e entidades cient&iacute;ficas e empresariais, entre outros.<\/p>\n<p><\/span><strong><span>Escolhendo seus pares<\/span><\/strong><span><\/p>\n<p>O modelo h&iacute;brido da FPA poderia at&eacute; sugerir um par&acirc;metro razo&aacute;vel de representa&ccedil;&atilde;o se n&atilde;o fosse o processo de escolha dos conselheiros eleitos, al&eacute;m da arbitr&aacute;ria e nada p&uacute;blica categoria &ldquo;vital&iacute;cio&rdquo;.<\/p>\n<p>Os representantes &ldquo;eleitos&rdquo; s&atilde;o indicados por membros do conselho e referendados por maioria simples do &oacute;rg&atilde;o, em reuni&otilde;es como a que deveria ter ocorrido segunda-feira. Para receber a indica&ccedil;&atilde;o, o nome do &ldquo;candidato&rdquo; precisa ser subscrito por oito dos atuais conselheiros. N&atilde;o &eacute; dif&iacute;cil imaginar a origem prov&aacute;vel dos indicados por um conselho onde boa parte dos assentos &eacute; ocupada por membros do governo, al&eacute;m de presidentes de comiss&otilde;es da Assembl&eacute;ia Legislativa e dos conselhos de educa&ccedil;&atilde;o e cultura do estado, potencialmente da base aliada.<\/p>\n<p>Segundo o presidente do Conselho e membro vital&iacute;cio, Jorge da Cunha Lima, o crit&eacute;rio adotado para a substitui&ccedil;&atilde;o dos conselheiros &eacute; o de &ldquo;destaque e conhecimentos em diversos setores&rdquo;. Geralmente, s&atilde;o escolhidos membros de perfil semelhante ao do representante que se despede.<\/p>\n<p><\/span><strong><span>Falta de transpar&ecirc;ncia<\/span><\/strong><span><\/p>\n<p>Os problemas da gest&atilde;o da Funda&ccedil;&atilde;o Padre Anchieta n&atilde;o se resumem &agrave; escolha dos conselheiros. N&atilde;o h&aacute; divulga&ccedil;&atilde;o de datas dos encontros, nem das atas de reuni&otilde;es passadas. A lista de conselheiros dispon&iacute;vel para consulta est&aacute; defasada. No site da funda&ccedil;&atilde;o, nem mesmo um endere&ccedil;o de e-mail para contato existe e a entidade s&oacute; libera as atas depois de pedidos formais.<\/p>\n<p>Ou seja, ao cidad&atilde;o que financia a TV Cultura &ndash; uma emissora &ldquo;cada vez mais p&uacute;blica&rdquo;, segundo seu slogan &ndash; n&atilde;o &eacute; dado nenhum mecanismo de acesso ou fiscaliza&ccedil;&atilde;o, muito menos de escolha de seus representantes. &ldquo;N&atilde;o tem que ter divulga&ccedil;&atilde;o. Esta &eacute; uma fun&ccedil;&atilde;o exclusiva dos conselheiros, que j&aacute; s&atilde;o os representantes da sociedade&rdquo;, defende Cunha Lima.<\/p>\n<p>Eug&ecirc;nio Bucci, ex-presidente da Radiobr&aacute;s, conselheiro eleito da FPA e cr&iacute;tico do conselho da TV Brasil, defende o modelo de conselho da entidade paulista, apesar de ele mesmo ter tido conhecimento da elei&ccedil;&atilde;o com poucos dias de anteced&ecirc;ncia. &ldquo;O Conselho &eacute; soberano. N&atilde;o h&aacute; problema no fato de os pr&oacute;prios conselheiros indicarem os novos membros&rdquo;. Bucci acredita que pode ter havido algum problema de comunica&ccedil;&atilde;o entre ele e a FPA, mas n&atilde;o disfar&ccedil;a a surpresa ao saber que as atas das reuni&otilde;es n&atilde;o est&atilde;o dispon&iacute;veis ao p&uacute;blico. &ldquo;O p&uacute;blico tem que ter acesso &agrave;s atas e &agrave;s datas. Se n&atilde;o tem, &eacute; absurdo&rdquo;.<\/p>\n<p><\/span><strong><span>A cara do Conselho<\/p>\n<p><\/span><\/strong><span>O resultado um tanto &oacute;bvio de uma elei&ccedil;&atilde;o profundamente marcada pelo personalismo, pela falta de crit&eacute;rios e pela completa aus&ecirc;ncia do p&uacute;blico &eacute; um Conselho Curador com presen&ccedil;a ostensiva de conselheiros ligados ao PSDB ou simpatizantes do partido que governa S&atilde;o Paulo desde 1995.<\/span><span style=\"font-size: 12pt; font-weight: normal\"><span class=\"padrao\"><\/p>\n<p>Da composi&ccedil;&atilde;o atual do conselho, ainda n&atilde;o renovada, sete fizeram ou fazem parte de gest&otilde;es tucanas nos governos federal, estadual ou na cidade de S&atilde;o Paulo<span class=\"padrao\">: Belis&aacute;rio dos Santos J&uacute;nior, Emanoel Ara&uacute;jo, Jos&eacute; Carlos Dias, Linamara Rizzo Battistella,<\/span><\/span><\/span><span class=\"texto\"><span class=\"padrao\"><span class=\"padrao\"> Marcos Mendon&ccedil;a, Moacyr Expedito Marret Vaz Guimar&atilde;es e Jos&eacute; Henrique Reis Lobo que, por sinal, &eacute; o presidente municipal do PSDB. <\/span>Al&eacute;m deles, da lista dos conselheiros com rela&ccedil;&atilde;o direta com o partido faz parte ainda o publicit&aacute;rio Luiz Fernando Furquim, tesoureiro da campanha de Jos&eacute; Serra a presid&ecirc;ncia em 2002 e investigado por forma&ccedil;&atilde;o de caixa dois nas campanhas eleitorais de Fernando Henrique Cardoso.<\/p>\n<p>Impressiona a quantidade de conselheiros ligados aos setores financeiro e empresarial e mesmo entre os conselheiros &ldquo;independentes&rdquo; &eacute; poss&iacute;vel notar um perfil elitista. Gustavo Ioschpe, colunista da revista Veja, a atriz e militante hist&oacute;rica do PSDB Irene Ravache e a socialite <\/span><span><span class=\"padrao\">Mil&uacute; Villela, maior acionista individual do Banco Ita&uacute;, s&atilde;o apenas alguns exemplos. Neste cen&aacute;rio, n&atilde;o &eacute; poss&iacute;vel imaginar a presen&ccedil;a de <\/span>setores populares num conselho que se caracteriza pela auto-refer&ecirc;ncia.<\/p>\n<p>Nem mesmo a &uacute;nica exig&ecirc;ncia feita pelo estatuto, a de que os membros do Conselho sejam eleitos entre &ldquo;<\/span><\/span><span>personalidades de ilibada reputa&ccedil;&atilde;o e not&oacute;ria dedica&ccedil;&atilde;o &agrave; educa&ccedil;&atilde;o, &agrave; cultura ou a outros interesses comunit&aacute;rios&rdquo; pode ser levado a s&eacute;rio, como atesta o caso de Furquim, que agora ser&aacute; reeleito juntamente com <span class=\"textarial12preto\">Belis&aacute;rio dos Santos Junior<\/span>. Como as coisas n&atilde;o devem mudar t&atilde;o cedo na Funda&ccedil;&atilde;o Padre Anchieta, mais dois membros ligados a bancos ser&atilde;o formalmente eleitos &ndash; Gabriel Jorge Ferreira (diretor do Unibanco e ex-presidente da Febraban) e Paulo Roberto Mendon&ccedil;a (diretor jur&iacute;dico do Banco do Estado do Esp&iacute;rito Santo) &ndash;, al&eacute;m da condessa <span class=\"materiaolho\">Sabine Lovatelli e do arquiteto Paulo Mendes da Rocha, que dever&aacute; ter dificuldade em se sentir em casa.<\/span><\/span><\/p>\n","protected":false},"excerpt":{"rendered":"<p>Conselho que se auto-elege, mandatos vital\u00edcios, atas que n\u00e3o s\u00e3o divulgadas e reuni\u00f5es sem qu\u00f3rum colocam em xeque modelo de gest\u00e3o dito democr\u00e1tico da TV Cultura de S\u00e3o Paulo<\/p>\n","protected":false},"author":1,"featured_media":0,"comment_status":"open","ping_status":"open","sticky":false,"template":"","format":"standard","meta":{"footnotes":""},"categories":[40],"tags":[201],"_links":{"self":[{"href":"https:\/\/obscom.intervozes.org.br\/index.php?rest_route=\/wp\/v2\/posts\/21354"}],"collection":[{"href":"https:\/\/obscom.intervozes.org.br\/index.php?rest_route=\/wp\/v2\/posts"}],"about":[{"href":"https:\/\/obscom.intervozes.org.br\/index.php?rest_route=\/wp\/v2\/types\/post"}],"author":[{"embeddable":true,"href":"https:\/\/obscom.intervozes.org.br\/index.php?rest_route=\/wp\/v2\/users\/1"}],"replies":[{"embeddable":true,"href":"https:\/\/obscom.intervozes.org.br\/index.php?rest_route=%2Fwp%2Fv2%2Fcomments&post=21354"}],"version-history":[{"count":0,"href":"https:\/\/obscom.intervozes.org.br\/index.php?rest_route=\/wp\/v2\/posts\/21354\/revisions"}],"wp:attachment":[{"href":"https:\/\/obscom.intervozes.org.br\/index.php?rest_route=%2Fwp%2Fv2%2Fmedia&parent=21354"}],"wp:term":[{"taxonomy":"category","embeddable":true,"href":"https:\/\/obscom.intervozes.org.br\/index.php?rest_route=%2Fwp%2Fv2%2Fcategories&post=21354"},{"taxonomy":"post_tag","embeddable":true,"href":"https:\/\/obscom.intervozes.org.br\/index.php?rest_route=%2Fwp%2Fv2%2Ftags&post=21354"}],"curies":[{"name":"wp","href":"https:\/\/api.w.org\/{rel}","templated":true}]}}