{"id":21350,"date":"2008-06-09T13:45:24","date_gmt":"2008-06-09T13:45:24","guid":{"rendered":"https:\/\/obscom.intervozes.org.br\/wordpress\/?p=21350"},"modified":"2008-06-09T13:45:24","modified_gmt":"2008-06-09T13:45:24","slug":"governo-avalia-adiar-fim-de-transmissao-analogica-diz-ministro-das-comunicacoes","status":"publish","type":"post","link":"https:\/\/obscom.intervozes.org.br\/?p=21350","title":{"rendered":"Governo avalia adiar fim de transmiss\u00e3o anal\u00f3gica, diz ministro das Comunica\u00e7\u00f5es"},"content":{"rendered":"<p>   \t \t \t \t \t \t \t<!-- \t\t@page { margin: 2cm } \t\tP { margin-bottom: 0.21cm } \t-->T&atilde;o simb&oacute;lico quanto a estr&eacute;ia da TV digital, acompanhada por quase ningu&eacute;m, dever&aacute; ser o fim das transmiss&otilde;es anal&oacute;gicas, marcado para 2016. Em tese, at&eacute; l&aacute; todos os brasileiros estar&atilde;o munidos de receptores ou TVs com conversores embutidos e todas emissoras estar&atilde;o transmitindo programa&ccedil;&atilde;o digital.<\/p>\n<p>O governo admite ter um plano B para adiar o chamado &quot;switch off&quot; da TV anal&oacute;gica caso as ades&otilde;es continuem baixas e as transmiss&otilde;es, limitadas.<\/p>\n<p>&quot;O plano existe. Se amanh&atilde; chegarmos &agrave; conclus&atilde;o de que a grande maioria da popula&ccedil;&atilde;o brasileira ainda n&atilde;o recebe a TV digital, claro que a gente pode [adiar o desligamento do sinal anal&oacute;gico]. O presidente da Rep&uacute;blica tem autoridade para fazer isso, ele pode estender o projeto&quot;, afirma o ministro das Comunica&ccedil;&otilde;es, H&eacute;lio Costa.<\/p>\n<p>Se o Brasil seguir o exemplo de outros pa&iacute;ses, a chance de um prazo maior &eacute; grande. Segundo Juliano Castilho, diretor da &aacute;rea de TV digital do CPqD (Centro de Pesquisa e Desenvolvimento em Telecomunica&ccedil;&otilde;es), &quot;esse cronograma n&atilde;o foi cumprido em lugar nenhum do mundo&quot;.<\/p>\n<p>&quot;Olhando exemplos de outros pa&iacute;ses, acho que h&aacute; chance de n&atilde;o ser cumprido o cronograma. Mas isso n&atilde;o &eacute; o que importa&quot;, diz.<\/p>\n<p>De acordo com Castilho, o cronograma funciona como um &quot;direcionador&quot;. &quot;Se as pessoas n&atilde;o compraram uma grande quantidade de receptores, voc&ecirc; n&atilde;o vai tirar o sinal. N&atilde;o interessa a ningu&eacute;m.&quot;<\/p>\n<p>&quot;Se sairmos de uma tend&ecirc;ncia atual, a partir desse pre&ccedil;o de lan&ccedil;amento, conseguir&iacute;amos em dez anos atingir cerca de 80% da popula&ccedil;&atilde;o, em n&uacute;mero de resid&ecirc;ncias. Da&iacute; vem a quest&atilde;o pol&iacute;tica: 80% &eacute; um bom n&uacute;mero para fazer o desligamento?&quot;, questiona o especialista.<\/p>\n<p><strong>Sem sinal<\/strong><\/p>\n<p>Al&eacute;m da compra de conversores, outra dor de cabe&ccedil;a para o governo deve ser a pot&ecirc;ncia da transmiss&atilde;o das emissoras, a exemplo do que ocorre nos Estados Unidos.<\/p>\n<p>Marcada para 17 de fevereiro de 2009, a interrup&ccedil;&atilde;o na transmiss&atilde;o de televis&atilde;o anal&oacute;gica nos Estados Unidos deve deixar cerca de 23 mil pessoas sem receber sinal de alguns canais. &Eacute; o que mostra estudo realizado pelo Government Accountability Office, o bra&ccedil;o investigativo do Congresso norte-americano. Isso porque alguns radiodifusores afirmam que seu sinal digital ter&aacute; uma cobertura geogr&aacute;fica menor do que a anal&oacute;gica.<\/p>\n<p>&quot;Aqui, a Globo entrou com pot&ecirc;ncia de 15 kilowatts nas suas transmiss&otilde;es. Mas tem emissora a&iacute; que entrou com 1 kilowatt. S&oacute; para dizer &quot;olha, eu sou digital&quot;, mas n&atilde;o tem a pot&ecirc;ncia suficiente&quot;, diz o ministro H&eacute;lio Costa.<\/p>\n<p>Para contornar essa situa&ccedil;&atilde;o, Castilho defende que o consumidor receba no momento da compra um mapa oficial com os problemas da TV digital, feito por radiodifusores, fabricantes e governo.<\/p>\n<p>&quot;Isso j&aacute; acontece no pr&oacute;prio Jap&atilde;o. Mesmo porque s&oacute; vou comprar um neg&oacute;cio se souber que vou levar para casa e vai funcionar&quot;, afirma.<\/p>\n<p>A companhia Philips mant&eacute;m em seu site (www. simplificandotvdigital. com.br) um mapa -restrito e contestado por t&eacute;cnicos- sobre a recep&ccedil;&atilde;o da TV digital na capital paulista. <\/p>\n","protected":false},"excerpt":{"rendered":"<p>T&atilde;o simb&oacute;lico quanto a estr&eacute;ia da TV digital, acompanhada por quase ningu&eacute;m, dever&aacute; ser o fim das transmiss&otilde;es anal&oacute;gicas, marcado para 2016. Em tese, at&eacute; l&aacute; todos os brasileiros estar&atilde;o munidos de receptores ou TVs com conversores embutidos e todas emissoras estar&atilde;o transmitindo programa&ccedil;&atilde;o digital. O governo admite ter um plano B para adiar o &hellip; <a href=\"https:\/\/obscom.intervozes.org.br\/?p=21350\" class=\"more-link\">Continue lendo <span class=\"screen-reader-text\">Governo avalia adiar fim de transmiss\u00e3o anal\u00f3gica, diz ministro das Comunica\u00e7\u00f5es<\/span> <span class=\"meta-nav\">&rarr;<\/span><\/a><\/p>\n","protected":false},"author":1,"featured_media":0,"comment_status":"open","ping_status":"open","sticky":false,"template":"","format":"standard","meta":{"footnotes":""},"categories":[40],"tags":[79],"_links":{"self":[{"href":"https:\/\/obscom.intervozes.org.br\/index.php?rest_route=\/wp\/v2\/posts\/21350"}],"collection":[{"href":"https:\/\/obscom.intervozes.org.br\/index.php?rest_route=\/wp\/v2\/posts"}],"about":[{"href":"https:\/\/obscom.intervozes.org.br\/index.php?rest_route=\/wp\/v2\/types\/post"}],"author":[{"embeddable":true,"href":"https:\/\/obscom.intervozes.org.br\/index.php?rest_route=\/wp\/v2\/users\/1"}],"replies":[{"embeddable":true,"href":"https:\/\/obscom.intervozes.org.br\/index.php?rest_route=%2Fwp%2Fv2%2Fcomments&post=21350"}],"version-history":[{"count":0,"href":"https:\/\/obscom.intervozes.org.br\/index.php?rest_route=\/wp\/v2\/posts\/21350\/revisions"}],"wp:attachment":[{"href":"https:\/\/obscom.intervozes.org.br\/index.php?rest_route=%2Fwp%2Fv2%2Fmedia&parent=21350"}],"wp:term":[{"taxonomy":"category","embeddable":true,"href":"https:\/\/obscom.intervozes.org.br\/index.php?rest_route=%2Fwp%2Fv2%2Fcategories&post=21350"},{"taxonomy":"post_tag","embeddable":true,"href":"https:\/\/obscom.intervozes.org.br\/index.php?rest_route=%2Fwp%2Fv2%2Ftags&post=21350"}],"curies":[{"name":"wp","href":"https:\/\/api.w.org\/{rel}","templated":true}]}}