{"id":21339,"date":"2008-06-06T12:09:22","date_gmt":"2008-06-06T12:09:22","guid":{"rendered":"https:\/\/obscom.intervozes.org.br\/wordpress\/?p=21339"},"modified":"2008-06-06T12:09:22","modified_gmt":"2008-06-06T12:09:22","slug":"investimento-publico-no-mercado-audiovisual-sera-de-r-250-milhoes-em-2008","status":"publish","type":"post","link":"https:\/\/obscom.intervozes.org.br\/?p=21339","title":{"rendered":"Investimento p\u00fablico no mercado audiovisual ser\u00e1 de R$ 250 milh\u00f5es em 2008"},"content":{"rendered":"<p>   \t \t \t \t \t \t \t<!-- \t\t@page { margin: 2cm } \t\tP { margin-bottom: 0.21cm } \t--><\/p>\n<p style=\"margin-bottom: 0cm\" class=\"western\"><strong><u>Reproduzido da PayTV News<\/p>\n<p><\/u><\/strong>Cerca de R$ 250 milh&otilde;es ser&atilde;o injetados no mercado audiovisual brasileiro em 2008. A previs&atilde;o &eacute; da Ancine e inclui recursos provenientes de incentivos fiscais, do or&ccedil;amento da ag&ecirc;ncia, Secretaria do Audiovisual, BNDES, e Fundo Setorial do Audiovisual. O n&uacute;mero foi apresentado pelo diretor da Ancine S&eacute;rgio S&aacute; Leit&atilde;o nesta quinta-feira, 5, durante painel no 9&ordm; F&oacute;rum Brasil &#8211; Mercado Internacional de Televis&atilde;o, em S&atilde;o Paulo.<\/p>\n<p>S&aacute; Leit&atilde;o falou sobre os Programas Especiais de Fomento (PEFs), que se valem de recursos do Artigo 1&deg;A da Lei do Audiovisual. Os PEFs prop&otilde;em parcerias entre a Ancine e os canais abertos, as programadoras ou entidades n&atilde;o necessariamente ligadas ao audiovisual. &quot;No momento, h&aacute; tr&ecirc;s emissoras em negocia&ccedil;&atilde;o e uma entidade empresarial&quot;, disse. <em>Daniele Frederico<\/em><\/p>\n","protected":false},"excerpt":{"rendered":"<p>Reproduzido da PayTV News Cerca de R$ 250 milh&otilde;es ser&atilde;o injetados no mercado audiovisual brasileiro em 2008. A previs&atilde;o &eacute; da Ancine e inclui recursos provenientes de incentivos fiscais, do or&ccedil;amento da ag&ecirc;ncia, Secretaria do Audiovisual, BNDES, e Fundo Setorial do Audiovisual. O n&uacute;mero foi apresentado pelo diretor da Ancine S&eacute;rgio S&aacute; Leit&atilde;o nesta quinta-feira, &hellip; <a href=\"https:\/\/obscom.intervozes.org.br\/?p=21339\" class=\"more-link\">Continue lendo <span class=\"screen-reader-text\">Investimento p\u00fablico no mercado audiovisual ser\u00e1 de R$ 250 milh\u00f5es em 2008<\/span> <span class=\"meta-nav\">&rarr;<\/span><\/a><\/p>\n","protected":false},"author":1,"featured_media":0,"comment_status":"open","ping_status":"open","sticky":false,"template":"","format":"standard","meta":{"footnotes":""},"categories":[39],"tags":[],"_links":{"self":[{"href":"https:\/\/obscom.intervozes.org.br\/index.php?rest_route=\/wp\/v2\/posts\/21339"}],"collection":[{"href":"https:\/\/obscom.intervozes.org.br\/index.php?rest_route=\/wp\/v2\/posts"}],"about":[{"href":"https:\/\/obscom.intervozes.org.br\/index.php?rest_route=\/wp\/v2\/types\/post"}],"author":[{"embeddable":true,"href":"https:\/\/obscom.intervozes.org.br\/index.php?rest_route=\/wp\/v2\/users\/1"}],"replies":[{"embeddable":true,"href":"https:\/\/obscom.intervozes.org.br\/index.php?rest_route=%2Fwp%2Fv2%2Fcomments&post=21339"}],"version-history":[{"count":0,"href":"https:\/\/obscom.intervozes.org.br\/index.php?rest_route=\/wp\/v2\/posts\/21339\/revisions"}],"wp:attachment":[{"href":"https:\/\/obscom.intervozes.org.br\/index.php?rest_route=%2Fwp%2Fv2%2Fmedia&parent=21339"}],"wp:term":[{"taxonomy":"category","embeddable":true,"href":"https:\/\/obscom.intervozes.org.br\/index.php?rest_route=%2Fwp%2Fv2%2Fcategories&post=21339"},{"taxonomy":"post_tag","embeddable":true,"href":"https:\/\/obscom.intervozes.org.br\/index.php?rest_route=%2Fwp%2Fv2%2Ftags&post=21339"}],"curies":[{"name":"wp","href":"https:\/\/api.w.org\/{rel}","templated":true}]}}