{"id":21317,"date":"2008-06-04T11:08:17","date_gmt":"2008-06-04T11:08:17","guid":{"rendered":"https:\/\/obscom.intervozes.org.br\/wordpress\/?p=21317"},"modified":"2008-06-04T11:08:17","modified_gmt":"2008-06-04T11:08:17","slug":"aprovacao-do-novo-pgo-sera-por-unanimidade-diz-conselheiro-da-anatel","status":"publish","type":"post","link":"https:\/\/obscom.intervozes.org.br\/?p=21317","title":{"rendered":"Aprova\u00e7\u00e3o do novo PGO ser\u00e1 por unanimidade, diz conselheiro da Anatel"},"content":{"rendered":"<p>   \t \t \t \t \t \t \t<!-- \t\t@page { margin: 2cm } \t\tP { margin-bottom: 0.21cm } \t--> \t  <\/p>\n<p style=\"margin-bottom: 0cm\" class=\"western\"><a name=\"lblTitulo\"><\/a><a name=\"lblTexto\"><\/a>  <\/p>\n<p style=\"margin-bottom: 0cm\" class=\"western\"><strong><u>Reproduzido do Teletime News<\/u><\/strong><\/p>\n<p style=\"margin-bottom: 0cm\" class=\"western\">O conselheiro da Anatel Ant&ocirc;nio Domingos Bedran afirmou nesta ter&ccedil;a-feira, 3, que &eacute; &quot;poss&iacute;vel e desej&aacute;vel&quot; que o conselho diretor da Anatel delibere sobre as mudan&ccedil;as no Plano Geral de Outorgas (PGO) e sobre a cria&ccedil;&atilde;o de um Plano Geral de Atualiza&ccedil;&atilde;o do Marco Regulat&oacute;rio (PGR) na reuni&atilde;o da pr&oacute;xima quarta-feira, 4. <br \/>Segundo ele, os sucessivos pedidos de vista tanto dele pr&oacute;prio como do presidente da ag&ecirc;ncia, o embaixador Ronaldo Sardenberg, aconteceram para que pudessem ser feitas altera&ccedil;&otilde;es de reda&ccedil;&atilde;o, de texto. &quot;N&atilde;o tem vencidos, nem vencedores. Vai ser 4 a 0&quot;, diz ele tentando minimizar a diverg&ecirc;ncia de opini&otilde;es que existe entre os quatro membros. Bedran disse ainda que o os conselheiros t&ecirc;m tido &quot;reuni&otilde;es t&eacute;cnicas&quot; para que cheguem a uma &quot;solu&ccedil;&atilde;o harmoniosa&quot;. O conselheiro foi ouvido em S&atilde;o Paulo no Semin&aacute;rio &quot;O futuro das (tele) comunica&ccedil;&otilde;es no Brasil&quot;, organizado pelo Instituto Fernando Henrique Cardoso.<\/p>\n","protected":false},"excerpt":{"rendered":"<p>Reproduzido do Teletime News O conselheiro da Anatel Ant&ocirc;nio Domingos Bedran afirmou nesta ter&ccedil;a-feira, 3, que &eacute; &quot;poss&iacute;vel e desej&aacute;vel&quot; que o conselho diretor da Anatel delibere sobre as mudan&ccedil;as no Plano Geral de Outorgas (PGO) e sobre a cria&ccedil;&atilde;o de um Plano Geral de Atualiza&ccedil;&atilde;o do Marco Regulat&oacute;rio (PGR) na reuni&atilde;o da pr&oacute;xima quarta-feira, &hellip; <a href=\"https:\/\/obscom.intervozes.org.br\/?p=21317\" class=\"more-link\">Continue lendo <span class=\"screen-reader-text\">Aprova\u00e7\u00e3o do novo PGO ser\u00e1 por unanimidade, diz conselheiro da Anatel<\/span> <span class=\"meta-nav\">&rarr;<\/span><\/a><\/p>\n","protected":false},"author":1,"featured_media":0,"comment_status":"open","ping_status":"open","sticky":false,"template":"","format":"standard","meta":{"footnotes":""},"categories":[39],"tags":[],"_links":{"self":[{"href":"https:\/\/obscom.intervozes.org.br\/index.php?rest_route=\/wp\/v2\/posts\/21317"}],"collection":[{"href":"https:\/\/obscom.intervozes.org.br\/index.php?rest_route=\/wp\/v2\/posts"}],"about":[{"href":"https:\/\/obscom.intervozes.org.br\/index.php?rest_route=\/wp\/v2\/types\/post"}],"author":[{"embeddable":true,"href":"https:\/\/obscom.intervozes.org.br\/index.php?rest_route=\/wp\/v2\/users\/1"}],"replies":[{"embeddable":true,"href":"https:\/\/obscom.intervozes.org.br\/index.php?rest_route=%2Fwp%2Fv2%2Fcomments&post=21317"}],"version-history":[{"count":0,"href":"https:\/\/obscom.intervozes.org.br\/index.php?rest_route=\/wp\/v2\/posts\/21317\/revisions"}],"wp:attachment":[{"href":"https:\/\/obscom.intervozes.org.br\/index.php?rest_route=%2Fwp%2Fv2%2Fmedia&parent=21317"}],"wp:term":[{"taxonomy":"category","embeddable":true,"href":"https:\/\/obscom.intervozes.org.br\/index.php?rest_route=%2Fwp%2Fv2%2Fcategories&post=21317"},{"taxonomy":"post_tag","embeddable":true,"href":"https:\/\/obscom.intervozes.org.br\/index.php?rest_route=%2Fwp%2Fv2%2Ftags&post=21317"}],"curies":[{"name":"wp","href":"https:\/\/api.w.org\/{rel}","templated":true}]}}