{"id":21311,"date":"2008-06-03T11:46:27","date_gmt":"2008-06-03T11:46:27","guid":{"rendered":"https:\/\/obscom.intervozes.org.br\/wordpress\/?p=21311"},"modified":"2008-06-03T11:46:27","modified_gmt":"2008-06-03T11:46:27","slug":"brasil-tera-telecentros-em-todos-os-municipios-ate-o-fim-do-mes-diz-ministro","status":"publish","type":"post","link":"https:\/\/obscom.intervozes.org.br\/?p=21311","title":{"rendered":"Brasil ter\u00e1 telecentros em todos os munic\u00edpios at\u00e9 o fim do m\u00eas, diz ministro"},"content":{"rendered":"<p class=\"western\">Todos os munic&iacute;pios do pa&iacute;s estar&atilde;o conectados &agrave; <em>internet<\/em> por meio de telecentros at&eacute; o fim deste m&ecirc;s. A previs&atilde;o foi feita hoje (2) pelo ministro das Comunica&ccedil;&otilde;es, H&eacute;lio Costa, durante um encontro sobre a instala&ccedil;&atilde;o de banda larga nas escolas brasileiras.<\/p>\n<p>De acordo com o ministro, o governo aprovou um or&ccedil;amento de R$ 140 milh&otilde;es, suficiente para comprar 6 mil telecentros, formados por 10 computadores, roteadores (para conex&atilde;o sem fio), projetor de DVD, tel&atilde;o e m&oacute;veis para inform&aacute;tica. <\/p>\n<p>&ldquo;Esses telecentros j&aacute; foram comprados e est&atilde;o sendo entregues at&eacute; o dia 30 de junho. Todos os 5.640 munic&iacute;pios brasileiros ter&atilde;o recebido esses equipamentos, o que inclusive alavancou as vendas de computadores no pa&iacute;s.&rdquo;<\/p>\n<p>H&eacute;lio Costa disse que, pela primeira vez, as vendas de computadores bateram as de aparelhos de televis&atilde;o. &ldquo;No ano passado, foram vendidos 10 milh&otilde;es de televisores e 10,5 milh&otilde;es de computadores. E a previs&atilde;o para este ano &eacute; de 14 milh&otilde;es de computadores. O Brasil &eacute; hoje o terceiro pa&iacute;s do mundo na venda de computadores.&rdquo;<\/p>\n<p>Entre os motivos que ajudaram a expandir as vendas no setor de inform&aacute;tica est&aacute; a redu&ccedil;&atilde;o no pre&ccedil;o dos equipamentos, segundo o ministro. &ldquo;H&aacute; tr&ecirc;s anos um computador custava R$ 3 mil e hoje pode ser comprado por R$ 850. O pre&ccedil;o caiu vertiginosamente dentro de uma pol&iacute;tica de inclus&atilde;o digital adotada pelo governo, que colocou os agentes financeiros p&uacute;blicos para possibilitar que qualquer cidad&atilde;o possa comprar o seu computador.&rdquo;<\/p>\n<p>Segundo H&eacute;lio Costa, o Brasil est&aacute; &agrave; frente dos demais pa&iacute;ses latino-americanos no processo de inclus&atilde;o digital. &ldquo;N&atilde;o existe, em nenhum pa&iacute;s do continente, do M&eacute;xico para baixo, um programa que seja semelhante ao esfor&ccedil;o que se faz aqui para se conectar cada cidade brasileira e levar a cada escola do pa&iacute;s a <em>internet<\/em> em banda larga, com a certeza de que todas as 142 mil escolas estar&atilde;o conectadas nesses pr&oacute;ximos anos.&rdquo;<\/p>\n<p>H&eacute;lio Costa aproveitou para comentar as mudan&ccedil;as que devem ser feitas no Plano Geral de Outorgas (PGO), conjunto de regras que rege o setor de telecomunica&ccedil;&otilde;es. Isso ser&aacute; necess&aacute;rio para viabilizar, por exemplo, a compra da Brasil Telecom pela Oi, que j&aacute; foi acertada pelas duas empresas. A minuta com as modifica&ccedil;&otilde;es deve ser entregue at&eacute; a pr&oacute;xima semana &agrave; Ag&ecirc;ncia Nacional de Telecomunica&ccedil;&otilde;es (Anatel).<\/p>\n<p>Segundo ele, a opera&ccedil;&atilde;o &eacute; do interesse p&uacute;blico e vai melhorar a competi&ccedil;&atilde;o. &quot;Na medida em que o Brasil tiver uma grande empresa de telecomunica&ccedil;&atilde;o, vai poder competir na Am&eacute;rica Latina, na &Aacute;frica e em qualquer pa&iacute;s do mundo.&rdquo;<\/p>\n","protected":false},"excerpt":{"rendered":"<p>Todos os munic&iacute;pios do pa&iacute;s estar&atilde;o conectados &agrave; internet por meio de telecentros at&eacute; o fim deste m&ecirc;s. A previs&atilde;o foi feita hoje (2) pelo ministro das Comunica&ccedil;&otilde;es, H&eacute;lio Costa, durante um encontro sobre a instala&ccedil;&atilde;o de banda larga nas escolas brasileiras. De acordo com o ministro, o governo aprovou um or&ccedil;amento de R$ 140 &hellip; <a href=\"https:\/\/obscom.intervozes.org.br\/?p=21311\" class=\"more-link\">Continue lendo <span class=\"screen-reader-text\">Brasil ter\u00e1 telecentros em todos os munic\u00edpios at\u00e9 o fim do m\u00eas, diz ministro<\/span> <span class=\"meta-nav\">&rarr;<\/span><\/a><\/p>\n","protected":false},"author":1,"featured_media":0,"comment_status":"open","ping_status":"open","sticky":false,"template":"","format":"standard","meta":{"footnotes":""},"categories":[40],"tags":[105],"_links":{"self":[{"href":"https:\/\/obscom.intervozes.org.br\/index.php?rest_route=\/wp\/v2\/posts\/21311"}],"collection":[{"href":"https:\/\/obscom.intervozes.org.br\/index.php?rest_route=\/wp\/v2\/posts"}],"about":[{"href":"https:\/\/obscom.intervozes.org.br\/index.php?rest_route=\/wp\/v2\/types\/post"}],"author":[{"embeddable":true,"href":"https:\/\/obscom.intervozes.org.br\/index.php?rest_route=\/wp\/v2\/users\/1"}],"replies":[{"embeddable":true,"href":"https:\/\/obscom.intervozes.org.br\/index.php?rest_route=%2Fwp%2Fv2%2Fcomments&post=21311"}],"version-history":[{"count":0,"href":"https:\/\/obscom.intervozes.org.br\/index.php?rest_route=\/wp\/v2\/posts\/21311\/revisions"}],"wp:attachment":[{"href":"https:\/\/obscom.intervozes.org.br\/index.php?rest_route=%2Fwp%2Fv2%2Fmedia&parent=21311"}],"wp:term":[{"taxonomy":"category","embeddable":true,"href":"https:\/\/obscom.intervozes.org.br\/index.php?rest_route=%2Fwp%2Fv2%2Fcategories&post=21311"},{"taxonomy":"post_tag","embeddable":true,"href":"https:\/\/obscom.intervozes.org.br\/index.php?rest_route=%2Fwp%2Fv2%2Ftags&post=21311"}],"curies":[{"name":"wp","href":"https:\/\/api.w.org\/{rel}","templated":true}]}}