{"id":21310,"date":"2008-06-03T11:41:33","date_gmt":"2008-06-03T11:41:33","guid":{"rendered":"https:\/\/obscom.intervozes.org.br\/wordpress\/?p=21310"},"modified":"2008-06-03T11:41:33","modified_gmt":"2008-06-03T11:41:33","slug":"comunicacao-sera-tema-de-debates-da-conferencia-nacional-de-direitos-humanos","status":"publish","type":"post","link":"https:\/\/obscom.intervozes.org.br\/?p=21310","title":{"rendered":"Comunica\u00e7\u00e3o ser\u00e1 tema de debates da Confer\u00eancia Nacional de Direitos Humanos"},"content":{"rendered":"<p>A ordem do momento &eacute; mobilizar organiza&ccedil;&otilde;es, movimentos e militantes e promover o debate sobre os in&uacute;meros temas de direitos humanos visando a XI Confer&ecirc;ncia Nacional de Direitos Humanos, a ser realizada de 15 a 18 de dezembro deste ano, em Bras&iacute;lia(DF). Seis grandes eixos comp&otilde;em o repert&oacute;rio tem&aacute;tico que orientar&aacute; os debates da Confer&ecirc;ncia tanto nas suas etapas estaduais &ndash; que dever&atilde;o ocorrer at&eacute; 15 de agosto &ndash; quanto na nacional.<\/p>\n<p>O debate acerca da comunica&ccedil;&atilde;o enquanto direito humano faz parte do eixo &ldquo;Educa&ccedil;&atilde;o e cultura em Direitos Humanos&rdquo; e tem marcado presen&ccedil;a cada vez mais forte na agenda de movimentos e entidades do campo dos direitos humanos. Em 2005, o tema central do I Encontro Nacional de Direitos Humanos &ndash; criado para intercalar a realiza&ccedil;&atilde;o das confer&ecirc;ncias nacionais da &aacute;rea, que at&eacute; ent&atilde;o ocorriam anualmente &ndash; foi justamente &ldquo;O Direito Humano &agrave; Comunica&ccedil;&atilde;o: um mundo, muitas vozes&rdquo;.<\/p>\n<p>Paralelo a este movimento, entidades atuantes no campo das pol&iacute;ticas de comunica&ccedil;&atilde;o lutam h&aacute; alguns anos para conquistar a realiza&ccedil;&atilde;o da I Confer&ecirc;ncia Nacional de Comunica&ccedil;&atilde;o, tendo como pressuposto as obriga&ccedil;&otilde;es do Estado em rela&ccedil;&atilde;o &agrave; promo&ccedil;&atilde;o deste direito, atrav&eacute;s de pol&iacute;ticas p&uacute;blicas voltadas a democratizar o setor, sufocado pela extrema concentra&ccedil;&atilde;o da propriedade de ve&iacute;culos e por quase nenhuma diversidade pol&iacute;tica.<\/p>\n<p>Na &uacute;ltima ter&ccedil;a-feira (27) foi realizada uma videoconfer&ecirc;ncia preparat&oacute;ria para a Confer&ecirc;ncia de Direitos <span>Humanos<\/span>. A reuni&atilde;o foi coordenada a partir da capital federal e reuniu, atrav&eacute;s da rede Interlegis, outros treze estados, al&eacute;m de ter sido transmitida pela Internet em tempo real.<\/p>\n<p>O ministro Paulo Vannuchi, da Secretaria Especial dos Direitos Humanos, representou o Executivo Federal no evento. Tamb&eacute;m participaram o deputado federal Pompeo de Mattos (PDT-RS), presidente da Comiss&atilde;o de Direitos Humanos e Minorias da C&acirc;mara dos Deputados, a Procuradora Federal dos Direitos do Cidad&atilde;o, Gilda Carvalho, representando o Minist&eacute;rio P&uacute;blico Federal, e diversos militantes de organiza&ccedil;&otilde;es do F&oacute;rum de Entidades Nacionais de Direitos Humanos (FENDH), que representa a sociedade civil na organiza&ccedil;&atilde;o da Confer&ecirc;ncia.<\/p>\n<p>Alexandre Ciconello, integrante do Instituto de Estudos Socioecon&ocirc;micos (INESC) e da coordena&ccedil;&atilde;o colegiada do F&oacute;rum de Entidades Nacionais de Direitos Humanos (FENDH), conversou com o Observat&oacute;rio do Direito &agrave; Comunica&ccedil;&atilde;o.<\/p>\n<p><strong>Qual a sua vis&atilde;o a respeito do desempenho da chamada &ldquo;grande m&iacute;dia&rdquo; na cobertura das quest&otilde;es de direitos humanos?<\/strong><br \/>Em geral a cobertura da grande m&iacute;dia em rela&ccedil;&atilde;o a quest&otilde;es de direitos humanos &eacute; conservadora e muitas vezes parcial. Alguns programas sensacionalistas colocam os direitos humanos como direito de bandido, reiterando um preconceito existente na sociedade. Os direitos sociais, culturais, econ&ocirc;micos, ambientais e reprodutivos n&atilde;o s&atilde;o pautados pela m&iacute;dia como direitos humanos. Alguns temas como a quest&atilde;o do racismo, as desigualdades raciais e os impactos sociais do atual modelo de desenvolvimento s&atilde;o invisibilizados. A quest&atilde;o de cotas, por exemplo, &eacute; tratada de maneira inteiramente parcial pela &quot;grande m&iacute;dia&quot; reproduzindo o posicionamento dessas empresas de comunica&ccedil;&atilde;o j&aacute; estampado em seus editoriais.<strong><\/p>\n<p>Como &eacute; poss&iacute;vel se contrapor &agrave; hegemonia conservadora nos grandes meios de comunica&ccedil;&atilde;o? As r&aacute;dios comunit&aacute;rias s&atilde;o uma op&ccedil;&atilde;o vi&aacute;vel esta tarefa?<\/strong><br \/>Para se contrapor &agrave;s grandes empresas de comunica&ccedil;&atilde;o no Brasil v&aacute;rias estrat&eacute;gias devem ser  implementadas simultaneamente. N&atilde;o podemos subestimar o poder ideol&oacute;gico, pol&iacute;tico e econ&ocirc;mico dessas empresas. Basta  lembrar da lastim&aacute;vel campanha da TV Globo, por exemplo, contra a proposta de classifica&ccedil;&atilde;o indicativa apresentada pelo governo federal, que visava preservar crian&ccedil;as e adolescentes de uma programa&ccedil;&atilde;o televisiva inadequada para esse p&uacute;blico em certos hor&aacute;rios. Vinculando essa iniciativa p&uacute;blica &agrave; censura promovida pelo governo militar. Uma estrat&eacute;gia &eacute; a constante press&atilde;o sobre essas empresas de comunica&ccedil;&atilde;o, como a&ccedil;&otilde;es na Justi&ccedil;a que denunciem o racismo, sexismo e homofobia em certos programas televisivos. Um outro tipo de press&atilde;o &eacute; questionar a forma como s&atilde;o conferidas as concess&otilde;es p&uacute;blicas de r&aacute;dio e TV nesse pa&iacute;s. Iniciativas como o Observat&oacute;rio do Direito &agrave; Comunica&ccedil;&atilde;o devem ser ampliadas. As r&aacute;dios e TVs comunit&aacute;rias tamb&eacute;m s&atilde;o mais uma frente nessa batalha ainda desigual pela democratiza&ccedil;&atilde;o dos meios de comunica&ccedil;&atilde;o nesse pa&iacute;s.<\/p>\n<p style=\"margin-bottom: 0cm\" class=\"western\" align=\"justify\"><strong>Qual pode ser o papel da comunica&ccedil;&atilde;o na promo&ccedil;&atilde;o de outros direitos humanos?<\/strong><br \/>A comunica&ccedil;&atilde;o &eacute; fundamental na promo&ccedil;&atilde;o dos direitos humanos. Como uma pessoa pode reivindicar seus direitos, inclusive pela via judicial, se ela n&atilde;o os conhece? Como algu&eacute;m pode saber que o Estado tem o dever de respeitar, proteger e promover os direitos humanos (educa&ccedil;&atilde;o, sa&uacute;de, lazer, seguran&ccedil;a, trabalho, liberdade) se a pr&oacute;pria id&eacute;ia de direitos humanos na nossa sociedade ainda &eacute; equivocada? Os &oacute;rg&atilde;o de comunica&ccedil;&atilde;o deveriam ter a responsabilidade de informar a popula&ccedil;&atilde;o sobre a sua cidadania, os seus direitos, como fazer para promov&ecirc;-los. Deveriam tamb&eacute;m deixar de promover estere&oacute;tipos negativos de negros\/negras, mulheres, homossexuais, ind&iacute;genas.<strong><\/p>\n<p>Em n&iacute;vel nacional e internacional, que setores seriam os grandes advers&aacute;rios das organiza&ccedil;&otilde;es de direitos humanos no atual momento?<\/strong><br \/>Em primeiro, lugar as grandes corpora&ccedil;&otilde;es nacionais e internacionais, que na busca pelo lucro incessante, desrespeitam os direitos e os modos de vida de grupos e popula&ccedil;&otilde;es cada vez maiores. Os grandes projetos de infra-estrutura e energia, o verdadeiro cassino das finan&ccedil;as internacionais e o agroneg&oacute;cio s&atilde;o exemplos desse movimento. Esses processos t&ecirc;m gerado cada vez mais a concentra&ccedil;&atilde;o da riqueza e do poder mundial na m&atilde;o de poucos e uma massa cada vez maior de miser&aacute;veis. No Brasil, acredito tamb&eacute;m que a grande m&iacute;dia tem um papel muito negativo no avan&ccedil;o dos direitos humanos pela sua parcialidade e conservadorismo. A constante criminaliza&ccedil;&atilde;o dos movimentos sociais acaba por gerar um sentimento negativo na popula&ccedil;&atilde;o e uma invers&atilde;o completa de valores, transformando as v&iacute;timas em culpados.<strong><\/p>\n<p>Como o F&oacute;rum est&aacute; se preparando para a XI Confer&ecirc;ncia Nacional de Direitos Humanos e qual a contribui&ccedil;&atilde;o que ele pode oferecer ao processo que reivindica a realiza&ccedil;&atilde;o da I Confer&ecirc;ncia Nacional de Comunica&ccedil;&atilde;o?<\/strong><br \/>O F&oacute;rum de Entidades Nacionais de Direitos Humanos &eacute; uma articula&ccedil;&atilde;o de organiza&ccedil;&otilde;es e movimentos que nasce a partir do processo de organiza&ccedil;&atilde;o das Confer&ecirc;ncias Nacionais de Direitos Humanos e tamb&eacute;m do acompanhamento das recomenda&ccedil;&otilde;es surgidas nesse espa&ccedil;o. O objetivo da Confer&ecirc;ncia &eacute; revisar o PNDH (Programa Nacional de Direitos Humanos) a partir da perspectiva de indivisibilidade e interdepend&ecirc;ncia dos direitos humanos (direitos civis, pol&iacute;ticos, econ&ocirc;micos, sociais, culturais e ambientais). Ou seja, construir um programa que possa efetivamente influenciar as pol&iacute;ticas p&uacute;blicas setoriais (educa&ccedil;&atilde;o, sa&uacute;de, assist&ecirc;ncia, meio ambiente, etc.) e o or&ccedil;amento p&uacute;blico, a partir de uma vis&atilde;o integrada de direitos humanos. O F&oacute;rum, por meio de suas entidades filiadas, faz parte do Grupo de Trabalho que est&aacute; organizando a Confer&ecirc;ncia e est&aacute; apoiando a mobiliza&ccedil;&atilde;o para as confer&ecirc;ncias estaduais.<br \/>Os principais pontos onde pretendemos influenciar o debate de conte&uacute;do ser&atilde;o, especialmente sobre os impactos s&oacute;cio-ambientais do atual modelo de desenvolvimento vigente no pa&iacute;s e as viola&ccedil;&otilde;es de direitos causadas por grandes obras de infra-estrutura, pelo agroneg&oacute;cio etc.; a grande desigualdade racial e o racismo existentes na sociedade brasileira que faz com que a popula&ccedil;&atilde;o negra tenha maiores dificuldades de acessar direitos.<br \/>Por &uacute;ltimo, consideramos que a I Confer&ecirc;ncia Nacional de Comunica&ccedil;&atilde;o &eacute; um processo essencial para a democratiza&ccedil;&atilde;o das comunica&ccedil;&otilde;es no pa&iacute;s, sendo que a grande m&iacute;dia ainda trabalha em uma l&oacute;gica contr&aacute;ria ao avan&ccedil;o dos direitos humanos. Al&eacute;m disso, a comunica&ccedil;&atilde;o &eacute; um direito humano. As pessoas t&ecirc;m o direito de se expressar e de ter suas id&eacute;ias, sua diversidade e manifesta&ccedil;&otilde;es divulgadas no espa&ccedil;o p&uacute;blico e n&atilde;o &eacute; isso que acontece atualmente, onde o espa&ccedil;o p&uacute;blico do r&aacute;dio e da televis&atilde;o &eacute; utilizado de forma privada por poucas empresas. Um dos 6 eixos orientadores do debate da XI Confer&ecirc;ncia Nacional de DHs &eacute; justamente educa&ccedil;&atilde;o e cultura em direitos humanos, no qual o debate sobre a comunica&ccedil;&atilde;o ser&aacute; essencial.<\/p>\n<p><strong>Quais s&atilde;o os principais objetivos e desafios do F&oacute;rum para a XI Confer&ecirc;ncia Nacional de Direitos Humanos?<br \/><\/strong>O principal objetivo do F&oacute;rum &eacute; contribuir para que a XI Confer&ecirc;ncia Nacional de Direitos Humanos seja extremamente democr&aacute;tica e participativa, permitindo que grupos, movimentos e organiza&ccedil;&otilde;es de todo o pa&iacute;s discutam e produzam subs&iacute;dios para a revis&atilde;o da pol&iacute;tica p&uacute;blica de promo&ccedil;&atilde;o dos direitos humanos no pa&iacute;s. Um desafio &eacute; fazer com que as a&ccedil;&otilde;es que ser&atilde;o inclu&iacute;das Programa Nacional de Direitos Humanos tenham reflexos nos instrumentos de planejamento do Estado brasileiro (Plano Plurianual, Lei de Diretrizes Or&ccedil;ament&aacute;rias) e especialmente no or&ccedil;amento p&uacute;blico. Isso vai requerer um intenso trabalho posterior de press&atilde;o e monitoramento das a&ccedil;&otilde;es do governo.<\/p>\n","protected":false},"excerpt":{"rendered":"<p>A ordem do momento &eacute; mobilizar organiza&ccedil;&otilde;es, movimentos e militantes e promover o debate sobre os in&uacute;meros temas de direitos humanos visando a XI Confer&ecirc;ncia Nacional de Direitos Humanos, a ser realizada de 15 a 18 de dezembro deste ano, em Bras&iacute;lia(DF). Seis grandes eixos comp&otilde;em o repert&oacute;rio tem&aacute;tico que orientar&aacute; os debates da Confer&ecirc;ncia &hellip; <a href=\"https:\/\/obscom.intervozes.org.br\/?p=21310\" class=\"more-link\">Continue lendo <span class=\"screen-reader-text\">Comunica\u00e7\u00e3o ser\u00e1 tema de debates da Confer\u00eancia Nacional de Direitos Humanos<\/span> <span class=\"meta-nav\">&rarr;<\/span><\/a><\/p>\n","protected":false},"author":1,"featured_media":0,"comment_status":"open","ping_status":"open","sticky":false,"template":"","format":"standard","meta":{"footnotes":""},"categories":[40],"tags":[775],"_links":{"self":[{"href":"https:\/\/obscom.intervozes.org.br\/index.php?rest_route=\/wp\/v2\/posts\/21310"}],"collection":[{"href":"https:\/\/obscom.intervozes.org.br\/index.php?rest_route=\/wp\/v2\/posts"}],"about":[{"href":"https:\/\/obscom.intervozes.org.br\/index.php?rest_route=\/wp\/v2\/types\/post"}],"author":[{"embeddable":true,"href":"https:\/\/obscom.intervozes.org.br\/index.php?rest_route=\/wp\/v2\/users\/1"}],"replies":[{"embeddable":true,"href":"https:\/\/obscom.intervozes.org.br\/index.php?rest_route=%2Fwp%2Fv2%2Fcomments&post=21310"}],"version-history":[{"count":0,"href":"https:\/\/obscom.intervozes.org.br\/index.php?rest_route=\/wp\/v2\/posts\/21310\/revisions"}],"wp:attachment":[{"href":"https:\/\/obscom.intervozes.org.br\/index.php?rest_route=%2Fwp%2Fv2%2Fmedia&parent=21310"}],"wp:term":[{"taxonomy":"category","embeddable":true,"href":"https:\/\/obscom.intervozes.org.br\/index.php?rest_route=%2Fwp%2Fv2%2Fcategories&post=21310"},{"taxonomy":"post_tag","embeddable":true,"href":"https:\/\/obscom.intervozes.org.br\/index.php?rest_route=%2Fwp%2Fv2%2Ftags&post=21310"}],"curies":[{"name":"wp","href":"https:\/\/api.w.org\/{rel}","templated":true}]}}