{"id":21308,"date":"2008-06-03T11:28:21","date_gmt":"2008-06-03T11:28:21","guid":{"rendered":"https:\/\/obscom.intervozes.org.br\/wordpress\/?p=21308"},"modified":"2008-06-03T11:28:21","modified_gmt":"2008-06-03T11:28:21","slug":"comissao-adia-para-amanha-audiencia-sobre-fusao-brt-oi","status":"publish","type":"post","link":"https:\/\/obscom.intervozes.org.br\/?p=21308","title":{"rendered":"Comiss\u00e3o adia para amanh\u00e3 audi\u00eancia sobre fus\u00e3o BrT-Oi"},"content":{"rendered":"<p>Foi adiada para amanh&atilde; a segunda audi&ecirc;ncia p&uacute;blica na C&acirc;mara dos Deputados sobre a compra da Brasil Telecom (BrT) pela Oi. O debate estava previamente agendado para hoje, mas problemas de agenda de alguns deputados da Comiss&atilde;o de Ci&ecirc;ncia e Tecnologia, Comunica&ccedil;&atilde;o e Inform&aacute;tica (CCTCI) fizeram com que o encontro fosse remarcado. Para essa segunda discuss&atilde;o, foram convidados o ministro das Comunica&ccedil;&otilde;es, H&eacute;lio Costa, e os presidentes da Ag&ecirc;ncia Nacional de Telecomunica&ccedil;&otilde;es (Anatel) e do Banco Nacional de Desenvolvimento Econ&ocirc;mico e Social (BNDES).<\/p>\n<p>Nenhum dos tr&ecirc;s, no entanto, confirmou presen&ccedil;a. A ag&ecirc;ncia e o banco de fomento informaram a comiss&atilde;o que encaminhar&atilde;o representantes ao debate. As discuss&otilde;es, que est&atilde;o sendo feitas em conjunto com a Comiss&atilde;o de Defesa do Consumidor, pretendem esclarecer as d&uacute;vidas dos parlamentares sobre a opera&ccedil;&atilde;o entre as duas concession&aacute;rias, a participa&ccedil;&atilde;o do BNDES no neg&oacute;cio e a condu&ccedil;&atilde;o por parte da Anatel das mudan&ccedil;as regulat&oacute;rias necess&aacute;rias para que a compra se concretize.<\/p>\n<p>* Com informa&ccedil;&otilde;es da TeleTime<\/p>\n","protected":false},"excerpt":{"rendered":"<p>Foi adiada para amanh&atilde; a segunda audi&ecirc;ncia p&uacute;blica na C&acirc;mara dos Deputados sobre a compra da Brasil Telecom (BrT) pela Oi. O debate estava previamente agendado para hoje, mas problemas de agenda de alguns deputados da Comiss&atilde;o de Ci&ecirc;ncia e Tecnologia, Comunica&ccedil;&atilde;o e Inform&aacute;tica (CCTCI) fizeram com que o encontro fosse remarcado. Para essa segunda &hellip; <a href=\"https:\/\/obscom.intervozes.org.br\/?p=21308\" class=\"more-link\">Continue lendo <span class=\"screen-reader-text\">Comiss\u00e3o adia para amanh\u00e3 audi\u00eancia sobre fus\u00e3o BrT-Oi<\/span> <span class=\"meta-nav\">&rarr;<\/span><\/a><\/p>\n","protected":false},"author":1,"featured_media":0,"comment_status":"open","ping_status":"open","sticky":false,"template":"","format":"standard","meta":{"footnotes":""},"categories":[39],"tags":[],"_links":{"self":[{"href":"https:\/\/obscom.intervozes.org.br\/index.php?rest_route=\/wp\/v2\/posts\/21308"}],"collection":[{"href":"https:\/\/obscom.intervozes.org.br\/index.php?rest_route=\/wp\/v2\/posts"}],"about":[{"href":"https:\/\/obscom.intervozes.org.br\/index.php?rest_route=\/wp\/v2\/types\/post"}],"author":[{"embeddable":true,"href":"https:\/\/obscom.intervozes.org.br\/index.php?rest_route=\/wp\/v2\/users\/1"}],"replies":[{"embeddable":true,"href":"https:\/\/obscom.intervozes.org.br\/index.php?rest_route=%2Fwp%2Fv2%2Fcomments&post=21308"}],"version-history":[{"count":0,"href":"https:\/\/obscom.intervozes.org.br\/index.php?rest_route=\/wp\/v2\/posts\/21308\/revisions"}],"wp:attachment":[{"href":"https:\/\/obscom.intervozes.org.br\/index.php?rest_route=%2Fwp%2Fv2%2Fmedia&parent=21308"}],"wp:term":[{"taxonomy":"category","embeddable":true,"href":"https:\/\/obscom.intervozes.org.br\/index.php?rest_route=%2Fwp%2Fv2%2Fcategories&post=21308"},{"taxonomy":"post_tag","embeddable":true,"href":"https:\/\/obscom.intervozes.org.br\/index.php?rest_route=%2Fwp%2Fv2%2Ftags&post=21308"}],"curies":[{"name":"wp","href":"https:\/\/api.w.org\/{rel}","templated":true}]}}