{"id":21306,"date":"2008-06-02T18:28:55","date_gmt":"2008-06-02T18:28:55","guid":{"rendered":"https:\/\/obscom.intervozes.org.br\/wordpress\/?p=21306"},"modified":"2008-06-02T18:28:55","modified_gmt":"2008-06-02T18:28:55","slug":"governo-e-organizacoes-lancam-conferencia-de-comunicacao","status":"publish","type":"post","link":"https:\/\/obscom.intervozes.org.br\/?p=21306","title":{"rendered":"Governo e organiza\u00e7\u00f5es lan\u00e7am Confer\u00eancia de Comunica\u00e7\u00e3o"},"content":{"rendered":"<p>Ser&aacute; lan&ccedil;ada na quarta-feira, 4 de junho, a I Confer&ecirc;ncia Estadual de Comunica&ccedil;&atilde;o da Bahia. O evento marca o in&iacute;cio do processo de constru&ccedil;&atilde;o da confer&ecirc;ncia, que contar&aacute; com etapas locais realizadas pelo interior e culminar&aacute; em Salvador, nos dias 14, 15 e 15 de agosto. Com isso, o estado da Bahia torna-se o primeiro a ter um espa&ccedil;o de debate amplo sobre pol&iacute;ticas p&uacute;blicas para a comunica&ccedil;&atilde;o social nos moldes defendidos hoje pela Comiss&atilde;o Pr&oacute;-Confer&ecirc;ncia Nacional de Comunica&ccedil;&atilde;o.<\/p>\n<p>A Comiss&atilde;o divulgar&aacute; nota em apoio &agrave; realiza&ccedil;&atilde;o da confer&ecirc;ncia baiana, afirmando que a iniciativa comprova que o processo est&aacute; deflagrado, fazendo-se necess&aacute;rio um posicionamento mais firme por parte do Executivo nacional, a quem cabe convocar a Confer&ecirc;ncia Nacional.<\/p>\n<p>Para Ernesto Marques, da Assessoria Geral de Comunica&ccedil;&atilde;o Social do Governo do Estado da Bahia (AGECOM), a realiza&ccedil;&atilde;o da confer&ecirc;ncia estadual pode, de fato, impulsionar a realiza&ccedil;&atilde;o do encontro nacional. &ldquo;Desejamos que esta nossa confer&ecirc;ncia contribua para que finalmente aconte&ccedil;a a Nacional. Por isso decidimos transmitir o evento de lan&ccedil;amento, no pr&oacute;ximo dia 4, das 9 &agrave;s 11 horas, via sat&eacute;lite para todo o Brasil e tamb&eacute;m na Internet.&rdquo;<\/p>\n<p>O lan&ccedil;amento da confer&ecirc;ncia baiana est&aacute; marcado para a 9h, no Instituto de Radiodifus&atilde;o Educativa da Bahia (IDERB). O evento ser&aacute; transmitido pela rede de salas de v&iacute;deo-confer&ecirc;ncia da Secretaria da Educa&ccedil;&atilde;o, espalhadas em 40 escolas do interior do estado. O objetivo &eacute; mobilizar a sociedade baiana para as oito plen&aacute;rias regionais que come&ccedil;ar&atilde;o no dia 7 de junho.<\/p>\n<p>No mesmo dia 4, inicia a I Confer&ecirc;ncia Livre de Comunica&ccedil;&atilde;o da Bahia, que se estende at&eacute; o dia 6 de junho e &eacute; realizada pelo Coletivo Baiano pela Democratiza&ccedil;&atilde;o da Comunica&ccedil;&atilde;o, com o apoio da Funda&ccedil;&atilde;o Friedrich Ebert. O evento pretende reunir representantes de movimentos sociais e estudantis na prepara&ccedil;&atilde;o para a 1&ordf; Confer&ecirc;ncia Estadual de Comunica&ccedil;&atilde;o.<\/p>\n<p><strong>A mobiliza&ccedil;&atilde;o baiana<\/p>\n<p><\/strong>Conhecida pela forte rela&ccedil;&atilde;o entre o poder pol&iacute;tico local e a concentra&ccedil;&atilde;o da propriedade das m&iacute;dias, a Bahia vive um momento hist&oacute;rico com a realiza&ccedil;&atilde;o da confer&ecirc;ncia estadual. O Grupo de Trabalho que tem como objetivo articular a sociedade civil em torno do debate e da realiza&ccedil;&atilde;o da Confer&ecirc;ncia foi montado h&aacute; alguns meses, por iniciativa do governo baiano. Fazem parte deste GT diversas organiza&ccedil;&otilde;es, como os sindicatos dos jornalistas e dos radialistas, a Central &Uacute;nica dos Trabalhadores (CUT), Associa&ccedil;&atilde;o Bahiana de Imprensa, Associa&ccedil;&atilde;o Brasileira de R&aacute;dios Comunit&aacute;rias (Abra&ccedil;o-BA), Cip&oacute; Comunica&ccedil;&atilde;o Interativa e a Universidade Federal da Bahia (UFBA), entre outras.<\/p>\n<p>Segundo Gislene Moreira, representante da Cip&oacute; Comunica&ccedil;&atilde;o Interativa, o momento &eacute; crucial para a sociedade baiana discutir as pol&iacute;ticas p&uacute;blicas para o setor. &ldquo;Acreditamos que a realiza&ccedil;&atilde;o da Confer&ecirc;ncia &eacute; um marco pol&iacute;tico forte para repensarmos os modelos constru&iacute;dos, e visualizarmos formas de supera&ccedil;&atilde;o&rdquo;, afirma.<\/p>\n<p>Giselene ressalta alguns objetivos da iniciativa, como a constru&ccedil;&atilde;o de pol&iacute;ticas p&uacute;blicas de democratiza&ccedil;&atilde;o dos meios na Bahia, e interiorizar as discuss&otilde;es em todo o estado. No entanto, alerta que &eacute; preciso dar aten&ccedil;&atilde;o ao fato de 2008 ser um ano eleitoral, uma vez que a liga&ccedil;&atilde;o dos pol&iacute;ticos com os ve&iacute;culos de comunica&ccedil;&atilde;o &eacute; bastante estreita, o que poderia influenciar as decis&otilde;es da confer&ecirc;ncia.<\/p>\n<p>Outra preocupa&ccedil;&atilde;o &eacute; a prov&aacute;vel incompatibilidade de crit&eacute;rios para elei&ccedil;&atilde;o de delegados nesta confer&ecirc;ncia estadual para a confer&ecirc;ncia nacional, uma vez que essa &uacute;ltima ainda n&atilde;o definiu metodologia e crit&eacute;rios. Gislene diz que a maioria do GT v&ecirc; com naturalidade que a discuss&atilde;o na Bahia aconte&ccedil;a antes das defini&ccedil;&otilde;es da nacional. &ldquo;Como tivemos um per&iacute;odo de morda&ccedil;a muito grande, n&atilde;o d&aacute; pra contermos a demanda social que se acentua nesta &aacute;rea&rdquo;, afirma a representante da Cip&oacute;, entidade que faz parte da rede Andi-Brasil.<\/p>\n<p>Segundo Ernesto Marques, da Agecom, o GT decidiu manter a previs&atilde;o de elei&ccedil;&atilde;o de delegados no Regimento Interno, apesar das indefini&ccedil;&otilde;es da nacional. &ldquo;Houve debate a respeito e ao final decidiu-se pela manuten&ccedil;&atilde;o dessa parte do texto at&eacute; como forma de dizer que a Bahia ap&oacute;ia e quer a realiza&ccedil;&atilde;o da confer&ecirc;ncia nacional. Se houver incompatibilidade com os crit&eacute;rios que vierem a ser estabelecidos, faremos um outro evento, como uma confer&ecirc;ncia extraordin&aacute;ria. O certo &eacute; que a Bahia estar&aacute; presente de qualquer forma na Confer&ecirc;ncia Nacional&rdquo;. <\/p>\n<p>* Com informa&ccedil;&otilde;es do site do Movimento Pr&oacute;-Confer&ecirc;ncia Nacional de Comunica&ccedil;&atilde;o<\/p>\n","protected":false},"excerpt":{"rendered":"<p>Iniciativa da Bahia amplia press\u00e3o por convoca\u00e7\u00e3o da Confer\u00eancia Nacional; realiza\u00e7\u00e3o das etapas locais come\u00e7a no dia 7 e evento estadual est\u00e1 marcado para Salvador, entre os dias 14 e 16 de agosto<\/p>\n","protected":false},"author":1,"featured_media":0,"comment_status":"open","ping_status":"open","sticky":false,"template":"","format":"standard","meta":{"footnotes":""},"categories":[40],"tags":[404],"_links":{"self":[{"href":"https:\/\/obscom.intervozes.org.br\/index.php?rest_route=\/wp\/v2\/posts\/21306"}],"collection":[{"href":"https:\/\/obscom.intervozes.org.br\/index.php?rest_route=\/wp\/v2\/posts"}],"about":[{"href":"https:\/\/obscom.intervozes.org.br\/index.php?rest_route=\/wp\/v2\/types\/post"}],"author":[{"embeddable":true,"href":"https:\/\/obscom.intervozes.org.br\/index.php?rest_route=\/wp\/v2\/users\/1"}],"replies":[{"embeddable":true,"href":"https:\/\/obscom.intervozes.org.br\/index.php?rest_route=%2Fwp%2Fv2%2Fcomments&post=21306"}],"version-history":[{"count":0,"href":"https:\/\/obscom.intervozes.org.br\/index.php?rest_route=\/wp\/v2\/posts\/21306\/revisions"}],"wp:attachment":[{"href":"https:\/\/obscom.intervozes.org.br\/index.php?rest_route=%2Fwp%2Fv2%2Fmedia&parent=21306"}],"wp:term":[{"taxonomy":"category","embeddable":true,"href":"https:\/\/obscom.intervozes.org.br\/index.php?rest_route=%2Fwp%2Fv2%2Fcategories&post=21306"},{"taxonomy":"post_tag","embeddable":true,"href":"https:\/\/obscom.intervozes.org.br\/index.php?rest_route=%2Fwp%2Fv2%2Ftags&post=21306"}],"curies":[{"name":"wp","href":"https:\/\/api.w.org\/{rel}","templated":true}]}}