{"id":21305,"date":"2008-06-02T15:33:16","date_gmt":"2008-06-02T15:33:16","guid":{"rendered":"https:\/\/obscom.intervozes.org.br\/wordpress\/?p=21305"},"modified":"2008-06-02T15:33:16","modified_gmt":"2008-06-02T15:33:16","slug":"chavez-nao-aceita-renuncia-do-ministro-das-comunicacoes","status":"publish","type":"post","link":"https:\/\/obscom.intervozes.org.br\/?p=21305","title":{"rendered":"Ch\u00e1vez n\u00e3o aceita ren\u00fancia do ministro das Comunica\u00e7\u00f5es"},"content":{"rendered":"<p>Caracas &#8211; O ministro de Informa&ccedil;&atilde;o e Comunica&ccedil;&atilde;o venezuelano, Andr&eacute;s Izarra, foi reconfirmado em seu cargo, nesta sexta-feira (30\/05), pelo presidente Hugo Ch&aacute;vez, tr&ecirc;s dias depois de apresentar sua demiss&atilde;o, devido a uma pol&ecirc;mica medida que estipula o pagamento pelo uso do sinal da televis&atilde;o estatal VTV.<\/p>\n<p>Em nota divulgada nesta sexta, o Minist&eacute;rio de Informa&ccedil;&atilde;o e Comunica&ccedil;&atilde;o anunciou que a ren&uacute;ncia de Izarra n&atilde;o foi aceita pelo presidente. &quot;Em reconhecimento ao trabalho que vem desempenhando no governo bolivariano (&#8230;), o presidente Hugo Ch&aacute;vez Fr&iacute;as, uma vez avaliados os fatos, decidiu n&atilde;o aceitar a ren&uacute;ncia do ministro Andr&eacute;s Izarra&quot;, diz a nota.<\/p>\n<p>Izarra p&ocirc;s o cargo &agrave; disposi&ccedil;&atilde;o por n&atilde;o ter consultado seus superiores a respeito da aplica&ccedil;&atilde;o de uma cobran&ccedil;a junto aos ve&iacute;culos de comunica&ccedil;&atilde;o pela retransmiss&atilde;o dos conte&uacute;dos da televis&atilde;o estatal, at&eacute; ent&atilde;o reproduzidos de forma gratuita por todas as redes venezuelanas.<\/p>\n<p>O projeto prev&ecirc; o pagamento de 120 bol&iacute;vares (US$ 55) por segundo de retransmiss&atilde;o do sinal da estatal Venezuelana de Televis&atilde;o (VTV), com exce&ccedil;&atilde;o das apari&ccedil;&otilde;es e atos de Ch&aacute;vez que forem usados em espa&ccedil;os exclusivamente informativos.<\/p>\n<p>A medida proposta por Izarra, que havia gerado duras cr&iacute;ticas, foi retirada nesta quinta-feira pelo governo. Horas depois, a VTV informou que seu sinal continuar&aacute; sendo usado de forma gratuita e reafirmou &quot;seu compromisso com a informa&ccedil;&atilde;o verdadeira e oportuna&quot;. Al&eacute;m disso, fez um apelo &quot;aos demais meios de comunica&ccedil;&atilde;o para que fa&ccedil;am uso respons&aacute;vel e apegado &agrave; lei&quot; de seu material audiovisual.<\/p>\n<p>Ainda segundo o comunicado, o governo aceitou &quot;a ratifica&ccedil;&atilde;o p&uacute;blica&quot; de Izarra por sua &quot;omiss&atilde;o&quot;, e ele foi &quot;ratificado em seu cargo&quot; &agrave; frente da pasta.<\/p>\n<p>Izarra, que tamb&eacute;m &eacute; presidente do canal multiestatal de informa&ccedil;&atilde;o Telesur, assumiu o cargo h&aacute; seis meses, embora j&aacute; tenha sido ministro da Comunica&ccedil;&atilde;o entre 2004 e 2005. Ele &eacute; a 13&ordf; pessoa a ocupar o posto nos nove anos de governo Ch&aacute;vez. <\/p>\n","protected":false},"excerpt":{"rendered":"<p>Caracas &#8211; O ministro de Informa&ccedil;&atilde;o e Comunica&ccedil;&atilde;o venezuelano, Andr&eacute;s Izarra, foi reconfirmado em seu cargo, nesta sexta-feira (30\/05), pelo presidente Hugo Ch&aacute;vez, tr&ecirc;s dias depois de apresentar sua demiss&atilde;o, devido a uma pol&ecirc;mica medida que estipula o pagamento pelo uso do sinal da televis&atilde;o estatal VTV. Em nota divulgada nesta sexta, o Minist&eacute;rio de &hellip; <a href=\"https:\/\/obscom.intervozes.org.br\/?p=21305\" class=\"more-link\">Continue lendo <span class=\"screen-reader-text\">Ch\u00e1vez n\u00e3o aceita ren\u00fancia do ministro das Comunica\u00e7\u00f5es<\/span> <span class=\"meta-nav\">&rarr;<\/span><\/a><\/p>\n","protected":false},"author":1,"featured_media":0,"comment_status":"open","ping_status":"open","sticky":false,"template":"","format":"standard","meta":{"footnotes":""},"categories":[40],"tags":[258],"_links":{"self":[{"href":"https:\/\/obscom.intervozes.org.br\/index.php?rest_route=\/wp\/v2\/posts\/21305"}],"collection":[{"href":"https:\/\/obscom.intervozes.org.br\/index.php?rest_route=\/wp\/v2\/posts"}],"about":[{"href":"https:\/\/obscom.intervozes.org.br\/index.php?rest_route=\/wp\/v2\/types\/post"}],"author":[{"embeddable":true,"href":"https:\/\/obscom.intervozes.org.br\/index.php?rest_route=\/wp\/v2\/users\/1"}],"replies":[{"embeddable":true,"href":"https:\/\/obscom.intervozes.org.br\/index.php?rest_route=%2Fwp%2Fv2%2Fcomments&post=21305"}],"version-history":[{"count":0,"href":"https:\/\/obscom.intervozes.org.br\/index.php?rest_route=\/wp\/v2\/posts\/21305\/revisions"}],"wp:attachment":[{"href":"https:\/\/obscom.intervozes.org.br\/index.php?rest_route=%2Fwp%2Fv2%2Fmedia&parent=21305"}],"wp:term":[{"taxonomy":"category","embeddable":true,"href":"https:\/\/obscom.intervozes.org.br\/index.php?rest_route=%2Fwp%2Fv2%2Fcategories&post=21305"},{"taxonomy":"post_tag","embeddable":true,"href":"https:\/\/obscom.intervozes.org.br\/index.php?rest_route=%2Fwp%2Fv2%2Ftags&post=21305"}],"curies":[{"name":"wp","href":"https:\/\/api.w.org\/{rel}","templated":true}]}}