{"id":21295,"date":"2008-05-30T19:24:44","date_gmt":"2008-05-30T19:24:44","guid":{"rendered":"https:\/\/obscom.intervozes.org.br\/wordpress\/?p=21295"},"modified":"2008-05-30T19:24:44","modified_gmt":"2008-05-30T19:24:44","slug":"conselho-consultivo-pede-explicacoes-sobre-troca-de-metas","status":"publish","type":"post","link":"https:\/\/obscom.intervozes.org.br\/?p=21295","title":{"rendered":"Conselho Consultivo pede explica\u00e7\u00f5es sobre troca de metas"},"content":{"rendered":"<p style=\"margin: 0in 0in 0pt\" class=\"MsoNormal\">H&aacute; cerca de duas semanas o Instituto Pro Teste denunciou que o termo aditivo aos contratos de concess&atilde;o das empresas de telefonia fixa, celebrado em 7 de abril de 2008, continha um grave problema: a troca nas metas de universaliza&ccedil;&atilde;o de pontos de acesso&nbsp;a servi&ccedil;os de telefonia fixa (PSTs) por redes de conex&atilde;o &agrave; Internet (backhauls) seria ilegal. <\/p>\n<p>Na argumenta&ccedil;&atilde;o da entidade, os backhauls n&atilde;o podem ser considerados da mesma natureza jur&iacute;dica da telefonia fixa, sendo inaceit&aacute;vel do ponto de vista legal que os primeiros sejam incorporados aos contratos de concess&atilde;o que tratam de Servi&ccedil;o de Telefonia Fixa Comutada (STFC). A den&uacute;ncia, que j&aacute; havia sido divulgada na m&iacute;dia especializada (ver aqui), foi apresentada nesta sexta-feira (29) na reuni&atilde;o do Conselho Consultivo da Ag&ecirc;ncia Nacional de Telecomunica&ccedil;&otilde;es (Anatel) pela representante do Instituto, Flavia Lefevre.<\/p>\n<p style=\"margin: 0in 0in 0pt\" class=\"MsoNormal\">&nbsp;<\/p>\n<p style=\"margin: 0in 0in 0pt\" class=\"MsoNormal\">O documento, assinado por um conjunto de entidades&nbsp;que comp&otilde;e&nbsp;a Frente de Consumidores de Telecomunica&ccedil;&otilde;es, cobra explica&ccedil;&otilde;es da Anatel e do governo federal sobre o fato. O&nbsp;manifesto defende que o backhaul n&atilde;o &eacute; &nbsp;um suporte para o Sistema de Telefonia Fixa Comutada &ndash; STFC, mas &ldquo;trata-se de infra-estrutura de rede para suporte de transmiss&atilde;o de dados&rdquo;.<\/p>\n<p style=\"margin: 0in 0in 0pt\" class=\"MsoNormal\">&nbsp;<\/p>\n<p style=\"margin: 0in 0in 0pt\" class=\"MsoNormal\">Outro ponto central do texto, e que motivou a maior parte da discuss&atilde;o, foi o questionamento sobre a retirada da cl&aacute;usula da vers&atilde;o final do aditivo que explicitava a reversibilidade dos backhauls. Ou seja, em se tratando de um servi&ccedil;o de regime p&uacute;blico, se ao final do contrato, em 2025, as empresas optarem pela n&atilde;o continuidade das opera&ccedil;&otilde;es elas teriam de reverter os equipamentos ao Estado. &ldquo;A relev&acirc;ncia da cl&aacute;usula de reversibiliadde &eacute; indiscut&iacute;vel&rdquo;, defendeu Jos&eacute; Zunga, representante dos usu&aacute;rios pelo Instituto Observat&oacute;rio Social de Telecomunica&ccedil;&otilde;es.<\/p>\n<p style=\"margin: 0in 0in 0pt\" class=\"MsoNormal\">&nbsp;<\/p>\n<p style=\"margin: 0in 0in 0pt\" class=\"MsoNormal\">As respostas da Anatel foram dadas pelo assessor da presid&ecirc;ncia Jos&eacute; Alexandre Bicalho. Ele reafirmou que na vis&atilde;o da Ag&ecirc;ncia, os backhauls podem ser considerados da mesma natureza dos antigos PSTs. Por isso, n&atilde;o haveria necessidade de inserir uma cl&aacute;usula sobre a reversibilidade uma vez que a legisla&ccedil;&atilde;o sobre telecomunica&ccedil;&otilde;es j&aacute; institui este procedimento para os servi&ccedil;os em regime p&uacute;blico. &ldquo;Rede do STFC j&aacute; &eacute; revers&iacute;vel. Se concluiu que se fic&aacute;ssemos excetuando fragilizaria o documento&rdquo;, explicou. <\/p>\n<p style=\"margin: 0in 0in 0pt\" class=\"MsoNormal\">&nbsp;<\/p>\n<p style=\"margin: 0in 0in 0pt\" class=\"MsoNormal\">Bicalho tamb&eacute;m teve de responder cr&iacute;ticas &agrave; falta de transpar&ecirc;ncia no processo. Os conselheiros da sociedade civil cobraram o por qu&ecirc; da dire&ccedil;&atilde;o da Anatel n&atilde;o ter submetido a vers&atilde;o final ao Conselho Consultivo antes de aprov&aacute;-la e ter negligenciado o acesso&nbsp;&agrave;&nbsp;&nbsp;documenta&ccedil;&atilde;o do caso. &ldquo;Se n&atilde;o houver canais de acesso &agrave; informa&ccedil;&atilde;o criam-se sempre dificuldades. Estabeleceu-se neste caso um problema que trouxe desconforto muito grande&rdquo;, reclamou Israel Bayma, conselheiro pela C&acirc;mara dos Deputados.<\/p>\n<p style=\"margin: 0in 0in 0pt\" class=\"MsoNormal\">&nbsp;<\/p>\n<p style=\"margin: 0in 0in 0pt\" class=\"MsoNormal\">O representante da Anatel fez um &lsquo;mea-culpa&rsquo; e reconheceu o atropelo na aprova&ccedil;&atilde;o do aditivo. &ldquo;Tenho que em nome da Anatel me penitenciar por que esta nova minuta, mesmo n&atilde;o sendo exig&ecirc;ncia, poderia ter sido encaminhada ao Conselho. Mas t&iacute;nhamos um processo em andamento, e havia tamb&eacute;m o acordo banda larga das escolas, e neste momento pode ter acontecido uma defici&ecirc;ncia na traspar&ecirc;ncia&rdquo;.<\/p>\n<p style=\"margin: 0in 0in 0pt\" class=\"MsoNormal\">&nbsp;<\/p>\n<p style=\"margin: 0in 0in 0pt\" class=\"MsoNormal\"><strong>Aditivo em &lsquo;xeque&rsquo;<\/strong><\/p>\n<p style=\"margin: 0in 0in 0pt\" class=\"MsoNormal\">&nbsp;<\/p>\n<p style=\"margin: 0in 0in 0pt\" class=\"MsoNormal\">Jos&eacute; Alexandre Bicalho alertou que o questionamento feito n&atilde;o teve como foco a transpar&ecirc;ncia ou a cl&aacute;usula de reversibilidade, mas o pr&oacute;prio aditivo em si, uma vez que apontava uma diferen&ccedil;a jur&iacute;dica entre os PSTs e os backhauls. Em tom amea&ccedil;ador, criticou esta posi&ccedil;&atilde;o concluindo que ela colocaria em risco n&atilde;o s&oacute; as novas metas de universaliza&ccedil;&atilde;o como o conjunto de iniciativas para levar banda larga &agrave; popula&ccedil;&atilde;o. <\/p>\n<p style=\"margin: 0in 0in 0pt\" class=\"MsoNormal\">&nbsp;<\/p>\n<p style=\"margin: 0in 0in 0pt\" class=\"MsoNormal\">&ldquo;Quando os backhauls s&atilde;o questionados, al&eacute;m de prejudicar n&atilde;o s&oacute; o Plano Geral de Metas de Universaliza&ccedil;&atilde;o e a conex&atilde;o das escolas, isso traz riscos a um novo cen&aacute;rio de amplia&ccedil;&atilde;o da banda larga&rdquo;, sugeriu, indicando que o rompimento do aditivo teria impactos n&atilde;o s&oacute; na troca dos PSTs como no acordo que gerou o programa Banda Larga nas Escolas e no novo ambiente cuja nova mudan&ccedil;a de peso &eacute; a fus&atilde;o da Brasil Telecom com a Oi. <\/p>\n<p style=\"margin: 0in 0in 0pt\" class=\"MsoNormal\">&nbsp;<\/p>\n<p style=\"margin: 0in 0in 0pt\" class=\"MsoNormal\">Fl&aacute;via Lefevre, entretanto,&nbsp;lembrou que a preocupa&ccedil;&atilde;o em levar banda larga &agrave; popula&ccedil;&atilde;o n&atilde;o &eacute; s&oacute; da Anatel ou do governo federal, mas de toda a sociedade. Ela enfatizou que, ao contr&aacute;rio do favorecimento dado &agrave;s empresas de telecomunica&ccedil;&atilde;o com o aditivo, a preocupa&ccedil;&atilde;o dos conselheiros da sociedade civil ali era que a organiza&ccedil;&atilde;o do modelo de telecomunica&ccedil;&otilde;es para beneficiar os cidad&atilde;os, e n&atilde;o apenas ampliar os lucros das operadoras.<\/p>\n<p>Ao final, permaneceu a diverg&ecirc;ncia entre a interpreta&ccedil;&atilde;o da advogada do Instituto Pro Teste e do assessor da Anatel. Para resolver a quest&atilde;o, o Conselho&nbsp;solicitou o parecer jur&iacute;dico que embasou a opini&atilde;o defendida pela Ag&ecirc;ncia para avaliar sua posi&ccedil;&atilde;o diante da den&uacute;ncia apresentada. <\/p>\n<p>Embora o principal embate tenha ficado em torno da cl&aacute;usula de reversibilidade, a preocupa&ccedil;&atilde;o de Jos&eacute; Bicalho trouxe &agrave; tona a quest&atilde;o fundamental: se validada o questionamento jur&iacute;dico do Instituto Pro Teste, inviabiliza-se legalmente todo o aditivo. Anatel e o governo federal n&atilde;o cogitam esta possibilidade,&nbsp;mas, como ainda n&atilde;o&nbsp;apresentaram argumentos para uma&nbsp;avalia&ccedil;&atilde;o jur&iacute;dica mais&nbsp;consistente, um dos pilares&nbsp;da reorganiza&ccedil;&atilde;o das telecomunica&ccedil;&otilde;es poder&aacute; voltar &agrave; estaca zero.<\/p>\n","protected":false},"excerpt":{"rendered":"<p>Para Anatel, backhauls podem ser considerados servi\u00e7os de telefonia fixa, sendo consequentemente bens da Uni\u00e3o. Conselheiros contestam posi\u00e7\u00e3o da Ag\u00eancia e pedem parecer jur\u00eddico para melhor avaliar o caso.<\/p>\n","protected":false},"author":1,"featured_media":0,"comment_status":"open","ping_status":"open","sticky":false,"template":"","format":"standard","meta":{"footnotes":""},"categories":[40],"tags":[152],"_links":{"self":[{"href":"https:\/\/obscom.intervozes.org.br\/index.php?rest_route=\/wp\/v2\/posts\/21295"}],"collection":[{"href":"https:\/\/obscom.intervozes.org.br\/index.php?rest_route=\/wp\/v2\/posts"}],"about":[{"href":"https:\/\/obscom.intervozes.org.br\/index.php?rest_route=\/wp\/v2\/types\/post"}],"author":[{"embeddable":true,"href":"https:\/\/obscom.intervozes.org.br\/index.php?rest_route=\/wp\/v2\/users\/1"}],"replies":[{"embeddable":true,"href":"https:\/\/obscom.intervozes.org.br\/index.php?rest_route=%2Fwp%2Fv2%2Fcomments&post=21295"}],"version-history":[{"count":0,"href":"https:\/\/obscom.intervozes.org.br\/index.php?rest_route=\/wp\/v2\/posts\/21295\/revisions"}],"wp:attachment":[{"href":"https:\/\/obscom.intervozes.org.br\/index.php?rest_route=%2Fwp%2Fv2%2Fmedia&parent=21295"}],"wp:term":[{"taxonomy":"category","embeddable":true,"href":"https:\/\/obscom.intervozes.org.br\/index.php?rest_route=%2Fwp%2Fv2%2Fcategories&post=21295"},{"taxonomy":"post_tag","embeddable":true,"href":"https:\/\/obscom.intervozes.org.br\/index.php?rest_route=%2Fwp%2Fv2%2Ftags&post=21295"}],"curies":[{"name":"wp","href":"https:\/\/api.w.org\/{rel}","templated":true}]}}