{"id":21294,"date":"2008-05-30T19:12:56","date_gmt":"2008-05-30T19:12:56","guid":{"rendered":"https:\/\/obscom.intervozes.org.br\/wordpress\/?p=21294"},"modified":"2008-05-30T19:12:56","modified_gmt":"2008-05-30T19:12:56","slug":"minicom-vai-prorrogar-por-30-dias-consulta-publica-sobre-politicas-de-telecomunicacoes","status":"publish","type":"post","link":"https:\/\/obscom.intervozes.org.br\/?p=21294","title":{"rendered":"Minicom vai prorrogar por 30 dias consulta p\u00fablica sobre pol\u00edticas de telecomunica\u00e7\u00f5es"},"content":{"rendered":"<p><span>O Minist&eacute;rio das Comunica&ccedil;&otilde;es vai prorrogar por 30 dias a consulta p&uacute;blica sobre pol&iacute;ticas p&uacute;blicas para o setor de telecomunica&ccedil;&otilde;es, que deveria ser encerrada em 6 de junho.&nbsp;<\/p>\n<p>A<\/span><span> prorroga&ccedil;&atilde;o passa a valer a partir da publica&ccedil;&atilde;o de aviso no Di&aacute;rio Oficial, que segundo a assessoria do Minicom deve&nbsp;acontecer na pr&oacute;xima ter&ccedil;a-feira. Ainda segundo a assessoria do minist&eacute;rio, at&eacute; a tarde desta sexta-feira (30), j&aacute; haviam sido enviadas 243 contribui&ccedil;&otilde;es. <font face=\"Times New Roman\"><\/font><\/span><\/p>\n","protected":false},"excerpt":{"rendered":"<p>O Minist&eacute;rio das Comunica&ccedil;&otilde;es vai prorrogar por 30 dias a consulta p&uacute;blica sobre pol&iacute;ticas p&uacute;blicas para o setor de telecomunica&ccedil;&otilde;es, que deveria ser encerrada em 6 de junho.&nbsp; A prorroga&ccedil;&atilde;o passa a valer a partir da publica&ccedil;&atilde;o de aviso no Di&aacute;rio Oficial, que segundo a assessoria do Minicom deve&nbsp;acontecer na pr&oacute;xima ter&ccedil;a-feira. Ainda segundo a &hellip; <a href=\"https:\/\/obscom.intervozes.org.br\/?p=21294\" class=\"more-link\">Continue lendo <span class=\"screen-reader-text\">Minicom vai prorrogar por 30 dias consulta p\u00fablica sobre pol\u00edticas de telecomunica\u00e7\u00f5es<\/span> <span class=\"meta-nav\">&rarr;<\/span><\/a><\/p>\n","protected":false},"author":1,"featured_media":0,"comment_status":"open","ping_status":"open","sticky":false,"template":"","format":"standard","meta":{"footnotes":""},"categories":[39],"tags":[],"_links":{"self":[{"href":"https:\/\/obscom.intervozes.org.br\/index.php?rest_route=\/wp\/v2\/posts\/21294"}],"collection":[{"href":"https:\/\/obscom.intervozes.org.br\/index.php?rest_route=\/wp\/v2\/posts"}],"about":[{"href":"https:\/\/obscom.intervozes.org.br\/index.php?rest_route=\/wp\/v2\/types\/post"}],"author":[{"embeddable":true,"href":"https:\/\/obscom.intervozes.org.br\/index.php?rest_route=\/wp\/v2\/users\/1"}],"replies":[{"embeddable":true,"href":"https:\/\/obscom.intervozes.org.br\/index.php?rest_route=%2Fwp%2Fv2%2Fcomments&post=21294"}],"version-history":[{"count":0,"href":"https:\/\/obscom.intervozes.org.br\/index.php?rest_route=\/wp\/v2\/posts\/21294\/revisions"}],"wp:attachment":[{"href":"https:\/\/obscom.intervozes.org.br\/index.php?rest_route=%2Fwp%2Fv2%2Fmedia&parent=21294"}],"wp:term":[{"taxonomy":"category","embeddable":true,"href":"https:\/\/obscom.intervozes.org.br\/index.php?rest_route=%2Fwp%2Fv2%2Fcategories&post=21294"},{"taxonomy":"post_tag","embeddable":true,"href":"https:\/\/obscom.intervozes.org.br\/index.php?rest_route=%2Fwp%2Fv2%2Ftags&post=21294"}],"curies":[{"name":"wp","href":"https:\/\/api.w.org\/{rel}","templated":true}]}}