{"id":21292,"date":"2008-05-30T14:03:58","date_gmt":"2008-05-30T14:03:58","guid":{"rendered":"https:\/\/obscom.intervozes.org.br\/wordpress\/?p=21292"},"modified":"2008-05-30T14:03:58","modified_gmt":"2008-05-30T14:03:58","slug":"anatel-propoe-mudanca-no-calculo-de-reajuste-de-telefone","status":"publish","type":"post","link":"https:\/\/obscom.intervozes.org.br\/?p=21292","title":{"rendered":"Anatel prop\u00f5e mudan\u00e7a no c\u00e1lculo de reajuste de telefone"},"content":{"rendered":"<p>S&atilde;o Paulo &#8211; A Ag&ecirc;ncia Nacional de Telecomunica&ccedil;&otilde;es (Anatel) apresentou hoje (29), em audi&ecirc;ncia p&uacute;blica realizada em S&atilde;o Paulo, uma proposta de mudan&ccedil;a no c&aacute;lculo dos reajustes das contas de telefone fixo que tende a reduzir os &iacute;ndices de aumento. <\/p>\n<p>Na sugest&atilde;o elaborada pela ag&ecirc;ncia, o chamado Fator X, redutor aplicado ao percentual de reajuste apurado de acordo uma esp&eacute;cie de infla&ccedil;&atilde;o dos itens de telecomunica&ccedil;&otilde;es, seria modificado e passaria a ter um peso maior na f&oacute;rmula dos reajustes.<\/p>\n<p>Segundo o gerente-geral de Competi&ccedil;&atilde;o da Anatel, Jos&eacute; Gon&ccedil;alves Neto, a mudan&ccedil;a proposta se divide em duas partes: aumento no repasse aos consumidores do ganho de produtividade das operadoras e a fixa&ccedil;&atilde;o de crit&eacute;rios mais exigentes para o c&aacute;lculo do &iacute;ndice de aumento da produ&ccedil;&atilde;o.<\/p>\n<p>Ele explicou que, de acordo com a f&oacute;rmula atual de c&aacute;lculo dos reajustes da telefonia fixa, as empresas s&atilde;o obrigadas a repassar aos seus clientes 50% do ganho de produtividade obtido nos tr&ecirc;s anos anteriores, em forma de abatimento nas tarifas cobradas pelos servi&ccedil;os prestados. Se a proposta da Anatel for posta em pr&aacute;tica, esse percentual de repasse passaria para 75% e, a partir de 2011, para 100% do ganho alcan&ccedil;ado.<\/p>\n<p>J&aacute; na quest&atilde;o do c&aacute;lculo desse aumento, a mudan&ccedil;a seria a inclus&atilde;o de um novo &iacute;ndice na conta. Atualmente, disse Jos&eacute; Gon&ccedil;alves Neto, o ganho da empresa &eacute; calculado com base nos resultados apresentados por ela a Anatel. A ag&ecirc;ncia, por&eacute;m, gostaria que, al&eacute;m dos resultados da empresa, fosse tamb&eacute;m inclu&iacute;do na conta um ganho de produtividade ideal, fixado com base em estudos que apurariam quanto a companhia poderia ter produzido a mais, caso tivesse adotado pr&aacute;ticas mais eficientes.<\/p>\n<p>Dessa forma, explicou o gerente da Anatel, o &iacute;ndice de produtividade seria um meio termo entre o apurado na pr&aacute;tica, com base nos resultados reais, e o ideal, apontado pela ag&ecirc;ncia.<\/p>\n<p>&ldquo;Quando apresentamos uma proposta, temos um certo grau de certeza dos benef&iacute;cios que ela pode trazer&rdquo;, observou. &ldquo;Mas a mudan&ccedil;a est&aacute; sendo estudada, aceitamos sugest&otilde;es&rdquo;, concluiu o representante da Anatel, refor&ccedil;ando que a proposta est&aacute; em fase de consulta p&uacute;blica, com prazo de contribui&ccedil;&otilde;es at&eacute; o dia 9 de junho.<\/p>\n<p>Representantes das operadoras, entidades de defesa do consumidor e cidad&atilde;os podem enviar sua colabora&ccedil;&atilde;o atrav&eacute;s do site <a href=\"http:\/\/www.anatel.gov.br\/\">www.anatel.gov.br<\/a>. Na p&aacute;gina, tamb&eacute;m est&aacute; dispon&iacute;vel a &iacute;ntegra da norma que pretende estabelecer a nova forma de c&aacute;lculo.<\/p>\n<p>Marcos Bafutto, que representou a operadora Telef&ocirc;nica na audi&ecirc;ncia, disse que os t&oacute;picos apresentados hoje pela Anatel ainda ser&atilde;o avaliados pela empresa antes da apresenta&ccedil;&atilde;o de sugest&otilde;es.&nbsp; &ldquo;Ainda estamos tentando entender a proposta. Vamos voltar pra casa e analisar com calma antes de opinar&rdquo;, afirmou. <\/p>\n<p>J&aacute; o representante da Oi, Carlos Franco, disse que f&oacute;rmula de c&aacute;lculo com base no compartilhamento dos ganhos de produtividade, sugerida pela ag&ecirc;ncia, &eacute; ilegal e que a operadora reivindicar&aacute; mudan&ccedil;as. &ldquo;A Lei Geral de Telecomunica&ccedil;&otilde;es prev&ecirc; um compartilhamento dos ganhos de produtividade&rdquo;, afirmou. &ldquo;Compartilhar &eacute; dividir, e repassar 100% do aumento de produtividade alcan&ccedil;ado por uma empresa n&atilde;o &eacute; uma divis&atilde;o&rdquo;, alegou.<\/p>\n<p>Na pr&oacute;xima ter&ccedil;a-feira (3), outra audi&ecirc;ncia p&uacute;blica ser&aacute; promovida pela Anatel para a discuss&atilde;o da proposta em quest&atilde;o. Desta vez, o evento ocorrer&aacute; em Bras&iacute;lia.<\/p>\n","protected":false},"excerpt":{"rendered":"<p>S&atilde;o Paulo &#8211; A Ag&ecirc;ncia Nacional de Telecomunica&ccedil;&otilde;es (Anatel) apresentou hoje (29), em audi&ecirc;ncia p&uacute;blica realizada em S&atilde;o Paulo, uma proposta de mudan&ccedil;a no c&aacute;lculo dos reajustes das contas de telefone fixo que tende a reduzir os &iacute;ndices de aumento. Na sugest&atilde;o elaborada pela ag&ecirc;ncia, o chamado Fator X, redutor aplicado ao percentual de reajuste &hellip; <a href=\"https:\/\/obscom.intervozes.org.br\/?p=21292\" class=\"more-link\">Continue lendo <span class=\"screen-reader-text\">Anatel prop\u00f5e mudan\u00e7a no c\u00e1lculo de reajuste de telefone<\/span> <span class=\"meta-nav\">&rarr;<\/span><\/a><\/p>\n","protected":false},"author":1,"featured_media":0,"comment_status":"open","ping_status":"open","sticky":false,"template":"","format":"standard","meta":{"footnotes":""},"categories":[40],"tags":[134],"_links":{"self":[{"href":"https:\/\/obscom.intervozes.org.br\/index.php?rest_route=\/wp\/v2\/posts\/21292"}],"collection":[{"href":"https:\/\/obscom.intervozes.org.br\/index.php?rest_route=\/wp\/v2\/posts"}],"about":[{"href":"https:\/\/obscom.intervozes.org.br\/index.php?rest_route=\/wp\/v2\/types\/post"}],"author":[{"embeddable":true,"href":"https:\/\/obscom.intervozes.org.br\/index.php?rest_route=\/wp\/v2\/users\/1"}],"replies":[{"embeddable":true,"href":"https:\/\/obscom.intervozes.org.br\/index.php?rest_route=%2Fwp%2Fv2%2Fcomments&post=21292"}],"version-history":[{"count":0,"href":"https:\/\/obscom.intervozes.org.br\/index.php?rest_route=\/wp\/v2\/posts\/21292\/revisions"}],"wp:attachment":[{"href":"https:\/\/obscom.intervozes.org.br\/index.php?rest_route=%2Fwp%2Fv2%2Fmedia&parent=21292"}],"wp:term":[{"taxonomy":"category","embeddable":true,"href":"https:\/\/obscom.intervozes.org.br\/index.php?rest_route=%2Fwp%2Fv2%2Fcategories&post=21292"},{"taxonomy":"post_tag","embeddable":true,"href":"https:\/\/obscom.intervozes.org.br\/index.php?rest_route=%2Fwp%2Fv2%2Ftags&post=21292"}],"curies":[{"name":"wp","href":"https:\/\/api.w.org\/{rel}","templated":true}]}}