{"id":21291,"date":"2008-05-30T14:02:26","date_gmt":"2008-05-30T14:02:26","guid":{"rendered":"https:\/\/obscom.intervozes.org.br\/wordpress\/?p=21291"},"modified":"2008-05-30T14:02:26","modified_gmt":"2008-05-30T14:02:26","slug":"governo-nao-vai-mais-cobrar-por-reexibicao-de-imagens-de-tv-estatal","status":"publish","type":"post","link":"https:\/\/obscom.intervozes.org.br\/?p=21291","title":{"rendered":"Governo n\u00e3o vai mais cobrar por reexibi\u00e7\u00e3o de imagens de TV estatal"},"content":{"rendered":"<p>O governo venezuelano recuou ontem da decis&atilde;o de cobrar das TVs privadas pela retransmiss&atilde;o de imagens geradas pela estatal VTV. O an&uacute;ncio da medida, na ter&ccedil;a-feira, contrariou o presidente Hugo Ch&aacute;vez, levando o ministro das Comunica&ccedil;&otilde;es, Andr&eacute;s Izarra, a colocar seu cargo &agrave; disposi&ccedil;&atilde;o.<\/p>\n<p>Em breve comunicado, a VTV afirma que o recuo foi uma decis&atilde;o do Minist&eacute;rio das Comunica&ccedil;&otilde;es e exortou os &quot;demais meios de comunica&ccedil;&atilde;o a fazerem um uso respons&aacute;vel e dentro da lei do sinal matriz de todos os venezuelanos&quot;.<\/p>\n<p>A medida, criticada pelos canais oposicionistas Globovisi&oacute;n e RCTV, estabelecia a cobran&ccedil;a de R$ 335 mil por hora de imagens da VTV retransmitidas por emissoras privadas. A &uacute;nica exce&ccedil;&atilde;o ficava por conta de atos oficiais com Ch&aacute;vez, desde que usados s&oacute; em programas de not&iacute;cias.<\/p>\n<p>At&eacute; ontem &agrave; tarde, n&atilde;o estava confirmada a perman&ecirc;ncia no governo de Izarra, tido como pr&oacute;ximo de Ch&aacute;vez.<\/p>\n<p>O recuo ocorre em meio a rumores de que o canal chavista Telesur gravou, em territ&oacute;rio venezuelano, o v&iacute;deo exibido pela emissora no domingo em que o secret&aacute;rio das Farc Timoli&oacute;n Jim&eacute;nez confirma a morte do fundador da guerrilha, Manuel Marulanda.<\/p>\n<p>A suspeita &eacute; alimentada por detalhes da grava&ccedil;&atilde;o, como o uso de tr&ecirc;s c&acirc;maras, a aus&ecirc;ncia de outros guerrilheiros e as semelhan&ccedil;as entre o uniforme de Jim&eacute;nez e o da Guarda Nacional venezuelana.<\/p>\n<p>Tanto a Telesur quanto o ministro do Interior, Ram&oacute;n Rodr&iacute;guez Chac&iacute;n, negaram o envolvimento da Venezuela no comunicado. Na vers&atilde;o oficial, as Farc enviaram a fita pronta.<\/p>\n<p>Ch&aacute;vez s&oacute; rompeu o sil&ecirc;ncio sobre a morte de Marulanda ontem &agrave; noite. Ele disse que &quot;n&atilde;o se alegra&quot; com a morte do guerrilheiro e lamentou n&atilde;o ter podido se reunir com ele para &quot;negociar um acordo humanit&aacute;rio&quot; sobre a liberta&ccedil;&atilde;o dos ref&eacute;ns das Farc.<\/p>\n","protected":false},"excerpt":{"rendered":"<p>O governo venezuelano recuou ontem da decis&atilde;o de cobrar das TVs privadas pela retransmiss&atilde;o de imagens geradas pela estatal VTV. O an&uacute;ncio da medida, na ter&ccedil;a-feira, contrariou o presidente Hugo Ch&aacute;vez, levando o ministro das Comunica&ccedil;&otilde;es, Andr&eacute;s Izarra, a colocar seu cargo &agrave; disposi&ccedil;&atilde;o. Em breve comunicado, a VTV afirma que o recuo foi uma &hellip; <a href=\"https:\/\/obscom.intervozes.org.br\/?p=21291\" class=\"more-link\">Continue lendo <span class=\"screen-reader-text\">Governo n\u00e3o vai mais cobrar por reexibi\u00e7\u00e3o de imagens de TV estatal<\/span> <span class=\"meta-nav\">&rarr;<\/span><\/a><\/p>\n","protected":false},"author":1,"featured_media":0,"comment_status":"open","ping_status":"open","sticky":false,"template":"","format":"standard","meta":{"footnotes":""},"categories":[40],"tags":[258],"_links":{"self":[{"href":"https:\/\/obscom.intervozes.org.br\/index.php?rest_route=\/wp\/v2\/posts\/21291"}],"collection":[{"href":"https:\/\/obscom.intervozes.org.br\/index.php?rest_route=\/wp\/v2\/posts"}],"about":[{"href":"https:\/\/obscom.intervozes.org.br\/index.php?rest_route=\/wp\/v2\/types\/post"}],"author":[{"embeddable":true,"href":"https:\/\/obscom.intervozes.org.br\/index.php?rest_route=\/wp\/v2\/users\/1"}],"replies":[{"embeddable":true,"href":"https:\/\/obscom.intervozes.org.br\/index.php?rest_route=%2Fwp%2Fv2%2Fcomments&post=21291"}],"version-history":[{"count":0,"href":"https:\/\/obscom.intervozes.org.br\/index.php?rest_route=\/wp\/v2\/posts\/21291\/revisions"}],"wp:attachment":[{"href":"https:\/\/obscom.intervozes.org.br\/index.php?rest_route=%2Fwp%2Fv2%2Fmedia&parent=21291"}],"wp:term":[{"taxonomy":"category","embeddable":true,"href":"https:\/\/obscom.intervozes.org.br\/index.php?rest_route=%2Fwp%2Fv2%2Fcategories&post=21291"},{"taxonomy":"post_tag","embeddable":true,"href":"https:\/\/obscom.intervozes.org.br\/index.php?rest_route=%2Fwp%2Fv2%2Ftags&post=21291"}],"curies":[{"name":"wp","href":"https:\/\/api.w.org\/{rel}","templated":true}]}}