{"id":21281,"date":"2008-05-29T13:39:54","date_gmt":"2008-05-29T13:39:54","guid":{"rendered":"https:\/\/obscom.intervozes.org.br\/wordpress\/?p=21281"},"modified":"2008-05-29T13:39:54","modified_gmt":"2008-05-29T13:39:54","slug":"senado-adia-votacao-do-pls-que-proibe-cobranca-de-ponto-extra-na-tv-a-cabo","status":"publish","type":"post","link":"https:\/\/obscom.intervozes.org.br\/?p=21281","title":{"rendered":"Senado adia vota\u00e7\u00e3o do PLS que pro\u00edbe cobran\u00e7a de ponto extra na TV a Cabo"},"content":{"rendered":"<p class=\"titnews\"><strong><u>Reproduzido da Pay TV News<\/u><\/strong><\/p>\n<p>Foi adiada a vota&ccedil;&atilde;o na Comiss&atilde;o de Comunica&ccedil;&atilde;odo Senado do PLS 346\/2005, que muda a Lei do Cabo e estabelece a proibi&ccedil;&atilde;o da cobran&ccedil;a pelo ponto-extra. O projeto tem parecer favor&aacute;vel do senador Eduardo Azeredo (PSDB\/MG). A proposta, se for adiante, ter&aacute; impacto sifnificativo para as empresas de cabo, que t&ecirc;m cerca de 10% de seu faturamento proveniente da cobran&ccedil;a pelos pontos extras. Trata-se de um servi&ccedil;o que apresenta ao operador componentes de custo significativos, como manuten&ccedil;&atilde;o da rede, gerenciamento, licen&ccedil;as de sistemas de codifica&ccedil;&atilde;o entre outros.<\/p>\n","protected":false},"excerpt":{"rendered":"<p>Reproduzido da Pay TV News Foi adiada a vota&ccedil;&atilde;o na Comiss&atilde;o de Comunica&ccedil;&atilde;odo Senado do PLS 346\/2005, que muda a Lei do Cabo e estabelece a proibi&ccedil;&atilde;o da cobran&ccedil;a pelo ponto-extra. O projeto tem parecer favor&aacute;vel do senador Eduardo Azeredo (PSDB\/MG). A proposta, se for adiante, ter&aacute; impacto sifnificativo para as empresas de cabo, que &hellip; <a href=\"https:\/\/obscom.intervozes.org.br\/?p=21281\" class=\"more-link\">Continue lendo <span class=\"screen-reader-text\">Senado adia vota\u00e7\u00e3o do PLS que pro\u00edbe cobran\u00e7a de ponto extra na TV a Cabo<\/span> <span class=\"meta-nav\">&rarr;<\/span><\/a><\/p>\n","protected":false},"author":1,"featured_media":0,"comment_status":"open","ping_status":"open","sticky":false,"template":"","format":"standard","meta":{"footnotes":""},"categories":[39],"tags":[],"_links":{"self":[{"href":"https:\/\/obscom.intervozes.org.br\/index.php?rest_route=\/wp\/v2\/posts\/21281"}],"collection":[{"href":"https:\/\/obscom.intervozes.org.br\/index.php?rest_route=\/wp\/v2\/posts"}],"about":[{"href":"https:\/\/obscom.intervozes.org.br\/index.php?rest_route=\/wp\/v2\/types\/post"}],"author":[{"embeddable":true,"href":"https:\/\/obscom.intervozes.org.br\/index.php?rest_route=\/wp\/v2\/users\/1"}],"replies":[{"embeddable":true,"href":"https:\/\/obscom.intervozes.org.br\/index.php?rest_route=%2Fwp%2Fv2%2Fcomments&post=21281"}],"version-history":[{"count":0,"href":"https:\/\/obscom.intervozes.org.br\/index.php?rest_route=\/wp\/v2\/posts\/21281\/revisions"}],"wp:attachment":[{"href":"https:\/\/obscom.intervozes.org.br\/index.php?rest_route=%2Fwp%2Fv2%2Fmedia&parent=21281"}],"wp:term":[{"taxonomy":"category","embeddable":true,"href":"https:\/\/obscom.intervozes.org.br\/index.php?rest_route=%2Fwp%2Fv2%2Fcategories&post=21281"},{"taxonomy":"post_tag","embeddable":true,"href":"https:\/\/obscom.intervozes.org.br\/index.php?rest_route=%2Fwp%2Fv2%2Ftags&post=21281"}],"curies":[{"name":"wp","href":"https:\/\/api.w.org\/{rel}","templated":true}]}}