{"id":21274,"date":"2008-05-29T11:58:53","date_gmt":"2008-05-29T11:58:53","guid":{"rendered":"https:\/\/obscom.intervozes.org.br\/wordpress\/?p=21274"},"modified":"2008-05-29T11:58:53","modified_gmt":"2008-05-29T11:58:53","slug":"novo-coordenador-do-comite-tecnico-de-implementacao-do-software-livre-no-governo-federal-toma-posse","status":"publish","type":"post","link":"https:\/\/obscom.intervozes.org.br\/?p=21274","title":{"rendered":"Novo coordenador do Comit\u00ea T\u00e9cnico de Implementa\u00e7\u00e3o do Software Livre no Governo Federal toma posse"},"content":{"rendered":"<p>Marcos Mazoni, diretor-presidente do Servi&ccedil;o Federal de Processamento de Dados &#8211; SERPRO&nbsp;tomou posse&nbsp;nesta quarta-feira (28)&nbsp;como novo coordenador do Comit&ecirc; T&eacute;cnico de Implementa&ccedil;&atilde;o do Software Livre no Governo Federal. Mazoni foi presidente da Celepar &#8211; Companhia de Inform&aacute;tica do Paran&aacute;. O Estado do Paran&aacute; &eacute; reconhecidamente o mais avan&ccedil;ado na implanta&ccedil;&atilde;o de sftwares livres na administra&ccedil;&atilde;o p&uacute;blica. Recentemente,&nbsp;Estado&nbsp;estabeleceu por lei o formato ODF (Open Document Format) como padr&atilde;o preferencial de documentos eletr&ocirc;nicos do Governo do Paran&aacute;.<\/p>\n","protected":false},"excerpt":{"rendered":"<p>Marcos Mazoni, diretor-presidente do Servi&ccedil;o Federal de Processamento de Dados &#8211; SERPRO&nbsp;tomou posse&nbsp;nesta quarta-feira (28)&nbsp;como novo coordenador do Comit&ecirc; T&eacute;cnico de Implementa&ccedil;&atilde;o do Software Livre no Governo Federal. Mazoni foi presidente da Celepar &#8211; Companhia de Inform&aacute;tica do Paran&aacute;. O Estado do Paran&aacute; &eacute; reconhecidamente o mais avan&ccedil;ado na implanta&ccedil;&atilde;o de sftwares livres na administra&ccedil;&atilde;o &hellip; <a href=\"https:\/\/obscom.intervozes.org.br\/?p=21274\" class=\"more-link\">Continue lendo <span class=\"screen-reader-text\">Novo coordenador do Comit\u00ea T\u00e9cnico de Implementa\u00e7\u00e3o do Software Livre no Governo Federal toma posse<\/span> <span class=\"meta-nav\">&rarr;<\/span><\/a><\/p>\n","protected":false},"author":1,"featured_media":0,"comment_status":"open","ping_status":"open","sticky":false,"template":"","format":"standard","meta":{"footnotes":""},"categories":[39],"tags":[],"_links":{"self":[{"href":"https:\/\/obscom.intervozes.org.br\/index.php?rest_route=\/wp\/v2\/posts\/21274"}],"collection":[{"href":"https:\/\/obscom.intervozes.org.br\/index.php?rest_route=\/wp\/v2\/posts"}],"about":[{"href":"https:\/\/obscom.intervozes.org.br\/index.php?rest_route=\/wp\/v2\/types\/post"}],"author":[{"embeddable":true,"href":"https:\/\/obscom.intervozes.org.br\/index.php?rest_route=\/wp\/v2\/users\/1"}],"replies":[{"embeddable":true,"href":"https:\/\/obscom.intervozes.org.br\/index.php?rest_route=%2Fwp%2Fv2%2Fcomments&post=21274"}],"version-history":[{"count":0,"href":"https:\/\/obscom.intervozes.org.br\/index.php?rest_route=\/wp\/v2\/posts\/21274\/revisions"}],"wp:attachment":[{"href":"https:\/\/obscom.intervozes.org.br\/index.php?rest_route=%2Fwp%2Fv2%2Fmedia&parent=21274"}],"wp:term":[{"taxonomy":"category","embeddable":true,"href":"https:\/\/obscom.intervozes.org.br\/index.php?rest_route=%2Fwp%2Fv2%2Fcategories&post=21274"},{"taxonomy":"post_tag","embeddable":true,"href":"https:\/\/obscom.intervozes.org.br\/index.php?rest_route=%2Fwp%2Fv2%2Ftags&post=21274"}],"curies":[{"name":"wp","href":"https:\/\/api.w.org\/{rel}","templated":true}]}}