{"id":21264,"date":"2008-05-28T11:45:14","date_gmt":"2008-05-28T11:45:14","guid":{"rendered":"https:\/\/obscom.intervozes.org.br\/wordpress\/?p=21264"},"modified":"2008-05-28T11:45:14","modified_gmt":"2008-05-28T11:45:14","slug":"minicom-deve-prorrogar-consulta-publica-sobre-politicas-de-telecomunicacoes","status":"publish","type":"post","link":"https:\/\/obscom.intervozes.org.br\/?p=21264","title":{"rendered":"Minicom deve prorrogar consulta p\u00fablica sobre pol\u00edticas de telecomunica\u00e7\u00f5es"},"content":{"rendered":"<p><span>Diante das manifesta&ccedil;&otilde;es de entidades como o Instituto de Defesa do Consumidor, o Minist&eacute;rio das Comunica&ccedil;&otilde;es dever&aacute; prorrogar por mais duas semanas a consulta p&uacute;blica sobre Pol&iacute;ticas P&uacute;blicas para o setor de Telecomunica&ccedil;&otilde;es, que deveria ser encerrada em 6 de junho. Um dos principais pontos da consulta p&uacute;blica &eacute; a que prop&otilde;e que o eixo central da pol&iacute;tica setorial seja a banda larga, no lugar do servi&ccedil;o telef&ocirc;nico fixo comutado.<\/p>\n<p>A informa&ccedil;&atilde;o &eacute; da TeleS&iacute;ntese.<font size=\"3\"><\/font><\/span><\/p>\n","protected":false},"excerpt":{"rendered":"<p>Diante das manifesta&ccedil;&otilde;es de entidades como o Instituto de Defesa do Consumidor, o Minist&eacute;rio das Comunica&ccedil;&otilde;es dever&aacute; prorrogar por mais duas semanas a consulta p&uacute;blica sobre Pol&iacute;ticas P&uacute;blicas para o setor de Telecomunica&ccedil;&otilde;es, que deveria ser encerrada em 6 de junho. Um dos principais pontos da consulta p&uacute;blica &eacute; a que prop&otilde;e que o eixo &hellip; <a href=\"https:\/\/obscom.intervozes.org.br\/?p=21264\" class=\"more-link\">Continue lendo <span class=\"screen-reader-text\">Minicom deve prorrogar consulta p\u00fablica sobre pol\u00edticas de telecomunica\u00e7\u00f5es<\/span> <span class=\"meta-nav\">&rarr;<\/span><\/a><\/p>\n","protected":false},"author":1,"featured_media":0,"comment_status":"open","ping_status":"open","sticky":false,"template":"","format":"standard","meta":{"footnotes":""},"categories":[39],"tags":[],"_links":{"self":[{"href":"https:\/\/obscom.intervozes.org.br\/index.php?rest_route=\/wp\/v2\/posts\/21264"}],"collection":[{"href":"https:\/\/obscom.intervozes.org.br\/index.php?rest_route=\/wp\/v2\/posts"}],"about":[{"href":"https:\/\/obscom.intervozes.org.br\/index.php?rest_route=\/wp\/v2\/types\/post"}],"author":[{"embeddable":true,"href":"https:\/\/obscom.intervozes.org.br\/index.php?rest_route=\/wp\/v2\/users\/1"}],"replies":[{"embeddable":true,"href":"https:\/\/obscom.intervozes.org.br\/index.php?rest_route=%2Fwp%2Fv2%2Fcomments&post=21264"}],"version-history":[{"count":0,"href":"https:\/\/obscom.intervozes.org.br\/index.php?rest_route=\/wp\/v2\/posts\/21264\/revisions"}],"wp:attachment":[{"href":"https:\/\/obscom.intervozes.org.br\/index.php?rest_route=%2Fwp%2Fv2%2Fmedia&parent=21264"}],"wp:term":[{"taxonomy":"category","embeddable":true,"href":"https:\/\/obscom.intervozes.org.br\/index.php?rest_route=%2Fwp%2Fv2%2Fcategories&post=21264"},{"taxonomy":"post_tag","embeddable":true,"href":"https:\/\/obscom.intervozes.org.br\/index.php?rest_route=%2Fwp%2Fv2%2Ftags&post=21264"}],"curies":[{"name":"wp","href":"https:\/\/api.w.org\/{rel}","templated":true}]}}