{"id":21259,"date":"2008-05-28T10:34:13","date_gmt":"2008-05-28T10:34:13","guid":{"rendered":"https:\/\/obscom.intervozes.org.br\/wordpress\/?p=21259"},"modified":"2008-05-28T10:34:13","modified_gmt":"2008-05-28T10:34:13","slug":"votacao-do-pl-29-e-novamente-adiada-e-fica-para-junho","status":"publish","type":"post","link":"https:\/\/obscom.intervozes.org.br\/?p=21259","title":{"rendered":"Vota\u00e7\u00e3o do PL 29 \u00e9 novamente adiada e fica para junho"},"content":{"rendered":"<p><span>Inclu&iacute;do na pauta da Comiss&atilde;o de Ci&ecirc;ncia e Tecnologia, o projeto n&atilde;o ser&aacute; votado nesta quarta, 28, como havia sido proposto. O novo adiamento foi acertado no come&ccedil;o da noite desta ter&ccedil;a-feira, na segunda reuni&atilde;o pol&iacute;tica sobre a proposta, onde tamb&eacute;m ficou acertado que o texto voltar&aacute; &agrave; pauta no dia 3 de junho. <\/p>\n<p>Os parlamentares est&atilde;o tratando esta data como a derradeira para a vota&ccedil;&atilde;o, mesmo que n&atilde;o haja consenso pleno sobre o texto redigido (e ajustado at&eacute; l&aacute;) pelo deputado-relator, Jorge Bittar (PT\/RJ). &quot;Vai ter que ir pro pau mesmo&quot;, apontava um dos deputados que tenta costurar um acordo em torno do projeto.<\/p>\n<p><\/span><span>Desde a semana passada, a estrat&eacute;gia da Comiss&atilde;o de Ci&ecirc;ncia, Tecnologia e Comunica&ccedil;&atilde;o mudou com rela&ccedil;&atilde;o ao PL 29\/2007. Em lugar de insistir nas negocia&ccedil;&otilde;es com as empresas atingidas pelo projeto, os deputados passaram a se dedicar &agrave; constru&ccedil;&atilde;o de um acordo pol&iacute;tico que garanta a aprova&ccedil;&atilde;o de uma proposta m&iacute;nima de reforma na legisla&ccedil;&atilde;o. Essa negocia&ccedil;&atilde;o entre partidos n&atilde;o foi conclu&iacute;da ainda e ir&aacute; se prolongar ao longo desta semana e do in&iacute;cio da pr&oacute;xima.<\/p>\n<p><\/span><span>Os questionamentos dos deputados foram apresentados ao relator e ficou acertado que nesta quarta, 29, Bittar apresentar&aacute; aos demais parlamentares uma esp&eacute;cie de relat&oacute;rio, com os ajustes considerados poss&iacute;veis de serem feitos neste momento sem macular o conte&uacute;do do projeto.&nbsp;<\/p>\n<p>* Com informa&ccedil;&otilde;es da&nbsp;TELA VIVA News.<font size=\"3\"><\/font><\/span><\/p>\n","protected":false},"excerpt":{"rendered":"<p>Inclu&iacute;do na pauta da Comiss&atilde;o de Ci&ecirc;ncia e Tecnologia, o projeto n&atilde;o ser&aacute; votado nesta quarta, 28, como havia sido proposto. O novo adiamento foi acertado no come&ccedil;o da noite desta ter&ccedil;a-feira, na segunda reuni&atilde;o pol&iacute;tica sobre a proposta, onde tamb&eacute;m ficou acertado que o texto voltar&aacute; &agrave; pauta no dia 3 de junho. Os &hellip; <a href=\"https:\/\/obscom.intervozes.org.br\/?p=21259\" class=\"more-link\">Continue lendo <span class=\"screen-reader-text\">Vota\u00e7\u00e3o do PL 29 \u00e9 novamente adiada e fica para junho<\/span> <span class=\"meta-nav\">&rarr;<\/span><\/a><\/p>\n","protected":false},"author":1,"featured_media":0,"comment_status":"open","ping_status":"open","sticky":false,"template":"","format":"standard","meta":{"footnotes":""},"categories":[39],"tags":[],"_links":{"self":[{"href":"https:\/\/obscom.intervozes.org.br\/index.php?rest_route=\/wp\/v2\/posts\/21259"}],"collection":[{"href":"https:\/\/obscom.intervozes.org.br\/index.php?rest_route=\/wp\/v2\/posts"}],"about":[{"href":"https:\/\/obscom.intervozes.org.br\/index.php?rest_route=\/wp\/v2\/types\/post"}],"author":[{"embeddable":true,"href":"https:\/\/obscom.intervozes.org.br\/index.php?rest_route=\/wp\/v2\/users\/1"}],"replies":[{"embeddable":true,"href":"https:\/\/obscom.intervozes.org.br\/index.php?rest_route=%2Fwp%2Fv2%2Fcomments&post=21259"}],"version-history":[{"count":0,"href":"https:\/\/obscom.intervozes.org.br\/index.php?rest_route=\/wp\/v2\/posts\/21259\/revisions"}],"wp:attachment":[{"href":"https:\/\/obscom.intervozes.org.br\/index.php?rest_route=%2Fwp%2Fv2%2Fmedia&parent=21259"}],"wp:term":[{"taxonomy":"category","embeddable":true,"href":"https:\/\/obscom.intervozes.org.br\/index.php?rest_route=%2Fwp%2Fv2%2Fcategories&post=21259"},{"taxonomy":"post_tag","embeddable":true,"href":"https:\/\/obscom.intervozes.org.br\/index.php?rest_route=%2Fwp%2Fv2%2Ftags&post=21259"}],"curies":[{"name":"wp","href":"https:\/\/api.w.org\/{rel}","templated":true}]}}