{"id":21255,"date":"2008-05-27T15:35:28","date_gmt":"2008-05-27T15:35:28","guid":{"rendered":"https:\/\/obscom.intervozes.org.br\/wordpress\/?p=21255"},"modified":"2008-05-27T15:35:28","modified_gmt":"2008-05-27T15:35:28","slug":"ccj-modifica-criterios-para-ourtorga-e-renovacao-de-concessoes-de-radio-e-tv","status":"publish","type":"post","link":"https:\/\/obscom.intervozes.org.br\/?p=21255","title":{"rendered":"CCJ modifica crit\u00e9rios para ourtorga e renova\u00e7\u00e3o de concess\u00f5es de r\u00e1dio e TV"},"content":{"rendered":"<p>Os crit&eacute;rios a serem seguidos pelo poder p&uacute;blico para conceder direitos de transmiss&atilde;o para esta&ccedil;&otilde;es de r&aacute;dio e canais de televis&atilde;o foram modificados pela Comiss&atilde;o de Constitui&ccedil;&atilde;o, Justi&ccedil;a e Cidadania (CCJ), que aprovou Projeto de Resolu&ccedil;&atilde;o 11\/08, do senador Antonio Carlos J&uacute;nior (DEM-BA).<\/p>\n<p>Agora, a decis&atilde;o em car&aacute;ter terminativo ser&aacute; tomada pela Comiss&atilde;o de Ci&ecirc;ncia, Tecnologia, Inova&ccedil;&atilde;o, Comunica&ccedil;&atilde;o e Inform&aacute;tica (CCT), que normalmente vota os projetos de concess&atilde;o para emissoras de r&aacute;dio e TV enviados pelo governo federal. A proposta revoga resolu&ccedil;&atilde;o em vigor h&aacute; 16 anos. Como lembrou Antonio Carlos J&uacute;nior, a norma legal estava defasada ou em contradi&ccedil;&atilde;o com outras legisla&ccedil;&otilde;es sobre o tema.Para estimular e promover a participa&ccedil;&atilde;o da popula&ccedil;&atilde;o interessada na habilita&ccedil;&atilde;o das r&aacute;dios e televis&otilde;es de suas localidades, o relator, Flexa Ribeiro (PSDB-PA), prop&ocirc;s emenda que abre prazo de 15 dias para recebimento de manifesta&ccedil;&otilde;es de apoio ou contesta&ccedil;&atilde;o. Os questionamentos fundamentados ser&atilde;o encaminhados &agrave;s autoridades competentes para apura&ccedil;&atilde;o, caso em que a tramita&ccedil;&atilde;o do pedido ser&aacute; adiada por 90 dias, para manifesta&ccedil;&atilde;o conclusiva dessas autoridades. Antonio Carlos J&uacute;nior disse que a emenda melhorou o texto original. <\/p>\n<p>A informa&ccedil;&atilde;o &eacute; do Jornal Senado.<\/p>\n","protected":false},"excerpt":{"rendered":"<p>Os crit&eacute;rios a serem seguidos pelo poder p&uacute;blico para conceder direitos de transmiss&atilde;o para esta&ccedil;&otilde;es de r&aacute;dio e canais de televis&atilde;o foram modificados pela Comiss&atilde;o de Constitui&ccedil;&atilde;o, Justi&ccedil;a e Cidadania (CCJ), que aprovou Projeto de Resolu&ccedil;&atilde;o 11\/08, do senador Antonio Carlos J&uacute;nior (DEM-BA). Agora, a decis&atilde;o em car&aacute;ter terminativo ser&aacute; tomada pela Comiss&atilde;o de Ci&ecirc;ncia, &hellip; <a href=\"https:\/\/obscom.intervozes.org.br\/?p=21255\" class=\"more-link\">Continue lendo <span class=\"screen-reader-text\">CCJ modifica crit\u00e9rios para ourtorga e renova\u00e7\u00e3o de concess\u00f5es de r\u00e1dio e TV<\/span> <span class=\"meta-nav\">&rarr;<\/span><\/a><\/p>\n","protected":false},"author":1,"featured_media":0,"comment_status":"open","ping_status":"open","sticky":false,"template":"","format":"standard","meta":{"footnotes":""},"categories":[39],"tags":[],"_links":{"self":[{"href":"https:\/\/obscom.intervozes.org.br\/index.php?rest_route=\/wp\/v2\/posts\/21255"}],"collection":[{"href":"https:\/\/obscom.intervozes.org.br\/index.php?rest_route=\/wp\/v2\/posts"}],"about":[{"href":"https:\/\/obscom.intervozes.org.br\/index.php?rest_route=\/wp\/v2\/types\/post"}],"author":[{"embeddable":true,"href":"https:\/\/obscom.intervozes.org.br\/index.php?rest_route=\/wp\/v2\/users\/1"}],"replies":[{"embeddable":true,"href":"https:\/\/obscom.intervozes.org.br\/index.php?rest_route=%2Fwp%2Fv2%2Fcomments&post=21255"}],"version-history":[{"count":0,"href":"https:\/\/obscom.intervozes.org.br\/index.php?rest_route=\/wp\/v2\/posts\/21255\/revisions"}],"wp:attachment":[{"href":"https:\/\/obscom.intervozes.org.br\/index.php?rest_route=%2Fwp%2Fv2%2Fmedia&parent=21255"}],"wp:term":[{"taxonomy":"category","embeddable":true,"href":"https:\/\/obscom.intervozes.org.br\/index.php?rest_route=%2Fwp%2Fv2%2Fcategories&post=21255"},{"taxonomy":"post_tag","embeddable":true,"href":"https:\/\/obscom.intervozes.org.br\/index.php?rest_route=%2Fwp%2Fv2%2Ftags&post=21255"}],"curies":[{"name":"wp","href":"https:\/\/api.w.org\/{rel}","templated":true}]}}