{"id":21246,"date":"2008-05-27T10:47:54","date_gmt":"2008-05-27T10:47:54","guid":{"rendered":"https:\/\/obscom.intervozes.org.br\/wordpress\/?p=21246"},"modified":"2008-05-27T10:47:54","modified_gmt":"2008-05-27T10:47:54","slug":"stj-decide-se-redetv-e-responsavel-por-dividas-trabalhistas-da-tv-manchete","status":"publish","type":"post","link":"https:\/\/obscom.intervozes.org.br\/?p=21246","title":{"rendered":"STJ decide se RedeTV! \u00e9 respons\u00e1vel por d\u00edvidas trabalhistas da TV Manchete"},"content":{"rendered":"<p>O Superior Tribunal de Justi&ccedil;a (STJ) adiou o julgamento que vai decidir se a RedeTV!&nbsp;&nbsp;&eacute; ou n&atilde;o sucessora da TV Manchete. A an&aacute;lise foi suspensa ap&oacute;s o ministro Jo&atilde;o Ot&aacute;vio de Noronha ter feito um pedido de vista do processo.<\/p>\n<p>Em 2003, a 9&ordf; C&acirc;mara C&iacute;vel do Tribunal de Justi&ccedil;a do Rio de Janeiro (TJ-RJ) decidiu que a RedeTV! (TV &Ocirc;mega) n&atilde;o pode ser considerada sucessora da TV Manchete, ficando isenta de qualquer &ocirc;nus ou d&iacute;vida trabalhista da antiga emissora. <\/p>\n<p>Entretanto, a Justi&ccedil;a trabalhista entende que a transfer&ecirc;ncia da concess&atilde;o para&nbsp;explora&ccedil;&atilde;o de servi&ccedil;os de radiodifus&atilde;o, sons e imagens, com a continuidade na presta&ccedil;&atilde;o dos servi&ccedil;os, implica que o sucessor seja respons&aacute;vel pelos direitos trabalhistas vigentes na &eacute;poca da sucess&atilde;o.<\/p>\n<p>No STJ, o relator do caso, ministro Fernando Gon&ccedil;alves, votou pela manuten&ccedil;&atilde;o da decis&atilde;o do TJ-RJ. Em uma liminar, o ministro j&aacute; havia determinado a suspens&atilde;o das a&ccedil;&otilde;es trabalhistas que envolvem as massas falidas da TV Manchete e da Bloch Editores, e que vinham sendo julgadas em diversas varas trabalhistas do pa&iacute;s.<\/p>\n<p>Depois de analisar minuciosamente os autos do processo, o relator entendeu que n&atilde;o cabe ao STJ nem &agrave; Justi&ccedil;a trabalhista alterar o pronunciamento da Justi&ccedil;a do Rio de Janeiro &#8211; j&aacute; confirmado pelo Supremo Tribunal Federal &#8211; reconhecendo a aus&ecirc;ncia de&nbsp;responsabilidade da TV &Ocirc;mega quanto aos d&eacute;bitos trabalhistas e tribut&aacute;rios, j&aacute; que n&atilde;o ela ao est&aacute; sucedendo a TV Manchete. <\/p>\n<p><em>As informa&ccedil;&otilde;es s&atilde;o do site Consultor Jur&iacute;dico<\/em><\/p>\n","protected":false},"excerpt":{"rendered":"<p>O Superior Tribunal de Justi&ccedil;a (STJ) adiou o julgamento que vai decidir se a RedeTV!&nbsp;&nbsp;&eacute; ou n&atilde;o sucessora da TV Manchete. A an&aacute;lise foi suspensa ap&oacute;s o ministro Jo&atilde;o Ot&aacute;vio de Noronha ter feito um pedido de vista do processo. Em 2003, a 9&ordf; C&acirc;mara C&iacute;vel do Tribunal de Justi&ccedil;a do Rio de Janeiro (TJ-RJ) &hellip; <a href=\"https:\/\/obscom.intervozes.org.br\/?p=21246\" class=\"more-link\">Continue lendo <span class=\"screen-reader-text\">STJ decide se RedeTV! \u00e9 respons\u00e1vel por d\u00edvidas trabalhistas da TV Manchete<\/span> <span class=\"meta-nav\">&rarr;<\/span><\/a><\/p>\n","protected":false},"author":1,"featured_media":0,"comment_status":"open","ping_status":"open","sticky":false,"template":"","format":"standard","meta":{"footnotes":""},"categories":[40],"tags":[106],"_links":{"self":[{"href":"https:\/\/obscom.intervozes.org.br\/index.php?rest_route=\/wp\/v2\/posts\/21246"}],"collection":[{"href":"https:\/\/obscom.intervozes.org.br\/index.php?rest_route=\/wp\/v2\/posts"}],"about":[{"href":"https:\/\/obscom.intervozes.org.br\/index.php?rest_route=\/wp\/v2\/types\/post"}],"author":[{"embeddable":true,"href":"https:\/\/obscom.intervozes.org.br\/index.php?rest_route=\/wp\/v2\/users\/1"}],"replies":[{"embeddable":true,"href":"https:\/\/obscom.intervozes.org.br\/index.php?rest_route=%2Fwp%2Fv2%2Fcomments&post=21246"}],"version-history":[{"count":0,"href":"https:\/\/obscom.intervozes.org.br\/index.php?rest_route=\/wp\/v2\/posts\/21246\/revisions"}],"wp:attachment":[{"href":"https:\/\/obscom.intervozes.org.br\/index.php?rest_route=%2Fwp%2Fv2%2Fmedia&parent=21246"}],"wp:term":[{"taxonomy":"category","embeddable":true,"href":"https:\/\/obscom.intervozes.org.br\/index.php?rest_route=%2Fwp%2Fv2%2Fcategories&post=21246"},{"taxonomy":"post_tag","embeddable":true,"href":"https:\/\/obscom.intervozes.org.br\/index.php?rest_route=%2Fwp%2Fv2%2Ftags&post=21246"}],"curies":[{"name":"wp","href":"https:\/\/api.w.org\/{rel}","templated":true}]}}