{"id":21239,"date":"2008-05-26T15:44:14","date_gmt":"2008-05-26T15:44:14","guid":{"rendered":"https:\/\/obscom.intervozes.org.br\/wordpress\/?p=21239"},"modified":"2008-05-26T15:44:14","modified_gmt":"2008-05-26T15:44:14","slug":"chamada-de-trabalhos-para-conferencia-de-midia-cidada-se-encerra-na-proxima-sexta-feira","status":"publish","type":"post","link":"https:\/\/obscom.intervozes.org.br\/?p=21239","title":{"rendered":"Chamada de trabalhos para Confer\u00eancia de M\u00eddia Cidad\u00e3 se encerra na pr\u00f3xima sexta-feira"},"content":{"rendered":"\n<p>A chamada dos trabalhos para a IV Confer&ecirc;ncia Brasileira de M&iacute;dia Cidad&atilde; se encerra na pr&oacute;xima sexta-feira (30\/06). A participa&ccedil;&atilde;o de pesquisadores, profissionais, gestores p&uacute;blicos e ativistas sociais poder&aacute; ser feita nas formas de comunica&ccedil;&atilde;o cient&iacute;fica e relato de experi&ecirc;ncias. <\/p>\n<p>A IV Confer&ecirc;ncia Brasileira de M&iacute;dia Cidad&atilde; acontece em Recife entre os dias 16 e 18 de outubro de 2008 e trabalhar&aacute; o tema &ldquo;Pesquisas acad&ecirc;micas e experi&ecirc;ncias da sociedade civil, mercado e Estado na efetiva&ccedil;&atilde;o do direito humano &agrave; comunica&ccedil;&atilde;o&rdquo;. O evento &eacute; realizado pela C&aacute;tedra Unesco\/Metodista em Comunica&ccedil;&atilde;o para o Desenvolvimento Regional e pelo Observat&oacute;rio da M&iacute;dia Regional: direitos humanos, pol&iacute;ticas e sistemas.<\/p>\n<p>Confira as regras de apresenta&ccedil;&atilde;o dos trabalhos no site <a href=\"http:\/\/www.ufpe.br\/observatorio\/midiacidada2008\">www.ufpe.br\/observatorio\/midiacidada2008<\/a>.<\/p>\n","protected":false},"excerpt":{"rendered":"<p>A chamada dos trabalhos para a IV Confer&ecirc;ncia Brasileira de M&iacute;dia Cidad&atilde; se encerra na pr&oacute;xima sexta-feira (30\/06). A participa&ccedil;&atilde;o de pesquisadores, profissionais, gestores p&uacute;blicos e ativistas sociais poder&aacute; ser feita nas formas de comunica&ccedil;&atilde;o cient&iacute;fica e relato de experi&ecirc;ncias. A IV Confer&ecirc;ncia Brasileira de M&iacute;dia Cidad&atilde; acontece em Recife entre os dias 16 e &hellip; <a href=\"https:\/\/obscom.intervozes.org.br\/?p=21239\" class=\"more-link\">Continue lendo <span class=\"screen-reader-text\">Chamada de trabalhos para Confer\u00eancia de M\u00eddia Cidad\u00e3 se encerra na pr\u00f3xima sexta-feira<\/span> <span class=\"meta-nav\">&rarr;<\/span><\/a><\/p>\n","protected":false},"author":1,"featured_media":0,"comment_status":"open","ping_status":"open","sticky":false,"template":"","format":"standard","meta":{"footnotes":""},"categories":[39],"tags":[194],"_links":{"self":[{"href":"https:\/\/obscom.intervozes.org.br\/index.php?rest_route=\/wp\/v2\/posts\/21239"}],"collection":[{"href":"https:\/\/obscom.intervozes.org.br\/index.php?rest_route=\/wp\/v2\/posts"}],"about":[{"href":"https:\/\/obscom.intervozes.org.br\/index.php?rest_route=\/wp\/v2\/types\/post"}],"author":[{"embeddable":true,"href":"https:\/\/obscom.intervozes.org.br\/index.php?rest_route=\/wp\/v2\/users\/1"}],"replies":[{"embeddable":true,"href":"https:\/\/obscom.intervozes.org.br\/index.php?rest_route=%2Fwp%2Fv2%2Fcomments&post=21239"}],"version-history":[{"count":0,"href":"https:\/\/obscom.intervozes.org.br\/index.php?rest_route=\/wp\/v2\/posts\/21239\/revisions"}],"wp:attachment":[{"href":"https:\/\/obscom.intervozes.org.br\/index.php?rest_route=%2Fwp%2Fv2%2Fmedia&parent=21239"}],"wp:term":[{"taxonomy":"category","embeddable":true,"href":"https:\/\/obscom.intervozes.org.br\/index.php?rest_route=%2Fwp%2Fv2%2Fcategories&post=21239"},{"taxonomy":"post_tag","embeddable":true,"href":"https:\/\/obscom.intervozes.org.br\/index.php?rest_route=%2Fwp%2Fv2%2Ftags&post=21239"}],"curies":[{"name":"wp","href":"https:\/\/api.w.org\/{rel}","templated":true}]}}