{"id":21233,"date":"2008-05-26T12:32:47","date_gmt":"2008-05-26T12:32:47","guid":{"rendered":"https:\/\/obscom.intervozes.org.br\/wordpress\/?p=21233"},"modified":"2008-05-26T12:32:47","modified_gmt":"2008-05-26T12:32:47","slug":"forum-adverte-que-o-pl-29-pode-retroceder-em-politicas-publicas","status":"publish","type":"post","link":"https:\/\/obscom.intervozes.org.br\/?p=21233","title":{"rendered":"F\u00f3rum adverte que o PL 29 pode retroceder em pol\u00edticas p\u00fablicas"},"content":{"rendered":"<p>O texto que pretende unificar a legisla&ccedil;&atilde;o de TV por assinatura no Brasil &ndash; o PL 29\/2007 &ndash; em debate h&aacute; meses, avan&ccedil;a no tratamento &agrave; produ&ccedil;&atilde;o de conte&uacute;do nacional, mas pode significar uma s&eacute;rie de retrocessos do ponto de vista do que j&aacute; foi ganho em pol&iacute;ticas p&uacute;blicas para o setor.&nbsp;O F&oacute;rum Nacional pela Democratiza&ccedil;&atilde;o da Comunica&ccedil;&atilde;o (FNDC), numa determina&ccedil;&atilde;o de sua plen&aacute;ria nacional, divulga sua an&aacute;lise do projeto.<\/p>\n<p>Uma demanda surgida na XIV Plen&aacute;ria Nacional do FNDC (que ocorreu em Bras&iacute;lia, nos dias 16 e 17 de maio) foi formular e divulgar a posi&ccedil;&atilde;o do F&oacute;rum sobre o Projeto de Lei n&ordm; 29\/ 2007, que trata de conte&uacute;do para a TV por assinatura (PL 29), cujo relator &eacute; o deputado Jorge Bittar (PT\/RJ). O FNDC publica ent&atilde;o, neste boletim, sua an&aacute;lise sobre a mat&eacute;ria. <\/p>\n<p>Entre as perdas proporcionadas pelo PL 29, em sua atual reda&ccedil;&atilde;o, o F&oacute;rum aponta a elimina&ccedil;&atilde;o de aspectos como rede p&uacute;blica e &uacute;nica, controle p&uacute;blico e universaliza&ccedil;&atilde;o dos servi&ccedil;os &ndash; conceitos caros ao FNDC, contidos na Lei do cabo. &ldquo;Para n&oacute;s (FNDC), estes aspectos ficam obscurecidos neste projeto. O PL 29 n&atilde;o d&aacute; conta da converg&ecirc;ncia de servi&ccedil;os que as novas tecnologias representam&rdquo;, analisa Celso Schr&ouml;der, coordenador-geral do FNDC. <a href=\"http:\/\/www.fndc.org.br\/arquivos\/NotaFNDC_PL29-final.doc\">Leia aqui<\/a>, o documento formulado pelo F&oacute;rum.<\/p>\n","protected":false},"excerpt":{"rendered":"<p>O texto que pretende unificar a legisla&ccedil;&atilde;o de TV por assinatura no Brasil &ndash; o PL 29\/2007 &ndash; em debate h&aacute; meses, avan&ccedil;a no tratamento &agrave; produ&ccedil;&atilde;o de conte&uacute;do nacional, mas pode significar uma s&eacute;rie de retrocessos do ponto de vista do que j&aacute; foi ganho em pol&iacute;ticas p&uacute;blicas para o setor.&nbsp;O F&oacute;rum Nacional pela &hellip; <a href=\"https:\/\/obscom.intervozes.org.br\/?p=21233\" class=\"more-link\">Continue lendo <span class=\"screen-reader-text\">F\u00f3rum adverte que o PL 29 pode retroceder em pol\u00edticas p\u00fablicas<\/span> <span class=\"meta-nav\">&rarr;<\/span><\/a><\/p>\n","protected":false},"author":1,"featured_media":0,"comment_status":"open","ping_status":"open","sticky":false,"template":"","format":"standard","meta":{"footnotes":""},"categories":[40],"tags":[104],"_links":{"self":[{"href":"https:\/\/obscom.intervozes.org.br\/index.php?rest_route=\/wp\/v2\/posts\/21233"}],"collection":[{"href":"https:\/\/obscom.intervozes.org.br\/index.php?rest_route=\/wp\/v2\/posts"}],"about":[{"href":"https:\/\/obscom.intervozes.org.br\/index.php?rest_route=\/wp\/v2\/types\/post"}],"author":[{"embeddable":true,"href":"https:\/\/obscom.intervozes.org.br\/index.php?rest_route=\/wp\/v2\/users\/1"}],"replies":[{"embeddable":true,"href":"https:\/\/obscom.intervozes.org.br\/index.php?rest_route=%2Fwp%2Fv2%2Fcomments&post=21233"}],"version-history":[{"count":0,"href":"https:\/\/obscom.intervozes.org.br\/index.php?rest_route=\/wp\/v2\/posts\/21233\/revisions"}],"wp:attachment":[{"href":"https:\/\/obscom.intervozes.org.br\/index.php?rest_route=%2Fwp%2Fv2%2Fmedia&parent=21233"}],"wp:term":[{"taxonomy":"category","embeddable":true,"href":"https:\/\/obscom.intervozes.org.br\/index.php?rest_route=%2Fwp%2Fv2%2Fcategories&post=21233"},{"taxonomy":"post_tag","embeddable":true,"href":"https:\/\/obscom.intervozes.org.br\/index.php?rest_route=%2Fwp%2Fv2%2Ftags&post=21233"}],"curies":[{"name":"wp","href":"https:\/\/api.w.org\/{rel}","templated":true}]}}