{"id":21231,"date":"2008-05-26T12:01:26","date_gmt":"2008-05-26T12:01:26","guid":{"rendered":"https:\/\/obscom.intervozes.org.br\/wordpress\/?p=21231"},"modified":"2008-05-26T12:01:26","modified_gmt":"2008-05-26T12:01:26","slug":"o-backhaul-e-reversivel-e-nao-poderia-ser-diferente","status":"publish","type":"post","link":"https:\/\/obscom.intervozes.org.br\/?p=21231","title":{"rendered":"O backhaul \u00e9 revers\u00edvel. E n\u00e3o poderia ser diferente."},"content":{"rendered":"<p>Embora a Pro Teste &ndash; Associa&ccedil;&atilde;o Brasileira de Defesa do Consumidor &ndash; insista que o decreto do presidente Lula, que determinou a troca da instala&ccedil;&atilde;o de postos telef&ocirc;nicos pela constru&ccedil;&atilde;o da rede de banda larga como meta de universaliza&ccedil;&atilde;o das concession&aacute;rias de telefonia fixa, &eacute; ilegal e injusto, a justi&ccedil;a federal decidiu negar o pedido de &ldquo;antecipa&ccedil;&atilde;o dos efeitos da tutela&rdquo;. Em outras palavras, n&atilde;o concedeu a liminar solicitada pela entidade, para que estas novas metas n&atilde;o fossem implementadas at&eacute; o julgamento final da a&ccedil;&atilde;o. Ao negar a liminar, a&nbsp; ju&iacute;za Maria Cec&iacute;lia de Marco Rocha, da 6&ordf; Vara Federal, n&atilde;o entra no m&eacute;rito da quest&atilde;o. Apenas questiona a representa&ccedil;&atilde;o da entidade para encabe&ccedil;ar a a&ccedil;&atilde;o. <\/p>\n<p>O argumento central da Pro Teste &eacute; que esta rede de banda larga n&atilde;o seria uma rede do STFC (servi&ccedil;o telef&ocirc;nico fixo comutado), n&atilde;o&nbsp; podendo, por isso, fazer parte de metas de universaliza&ccedil;&atilde;o. No entender da entidade, a telefonia p&uacute;blica estaria subsidiando, &ldquo;ilegalmente&rdquo; um servi&ccedil;o privado, o que impediria, como conseq&uuml;&ecirc;ncia, a redu&ccedil;&atilde;o nas tarifas da telefonia fixa.<\/p>\n<p>Para a representante da Pro Teste, Fl&aacute;via Lefr&egrave;ve, que encabe&ccedil;a a a&ccedil;&atilde;o, a confirma&ccedil;&atilde;o desta tese est&aacute; no fato de que o aditivo ao contrato de concess&atilde;o enviado pela Anatel ao seu conselho consultivo junto com a proposta de plano de metas de universaliza&ccedil;&atilde;o, previa expressamente que&nbsp; o backhaul ou a &ldquo;infra-estrutura e equipamentos de suporte aos compromissos de universaliza&ccedil;&atilde;o&rdquo; fosse&nbsp; enquadrado como bem revers&iacute;vel &agrave; Uni&atilde;o, item este que deixou de existir nos aditivos contratuais assinados pelas concession&aacute;rias. Para ela, essa omiss&atilde;o significa que a rede n&atilde;o retornar&aacute; &agrave; Uni&atilde;o ao fim da concess&atilde;o. <\/p>\n<p><strong>Outra posi&ccedil;&atilde;o<\/p>\n<p><\/strong>Para Anatel, Minist&eacute;rio das Comunica&ccedil;&otilde;es, Pal&aacute;cio do Planalto e mesmo para as concession&aacute;rias, contudo, n&atilde;o h&aacute; qualquer d&uacute;vida de que o backhaul &eacute; infra-estrutura do STFC, e por isso, revers&iacute;vel &agrave; Uni&atilde;o. <\/p>\n<p>Se a imagem da rede de telecomunica&ccedil;&otilde;es, explica uma fonte, est&aacute; associada ao corpo humano, onde &ldquo;backbone&rdquo; &eacute; coluna dorsal e &ldquo;backaul&rdquo; s&atilde;o as costelas, essa simples imagem tem que estar vinculada aos seus termos t&eacute;cnicos pr&oacute;prios, e &eacute; por isso que, nos contratos de concess&atilde;o, est&atilde;o listados seis itens que comp&otilde;em a reversibilidade dos bens. S&atilde;o eles: a) infra-estrutura e equipamentos de comuta&ccedil;&atilde;o, transmiss&atilde;o incluindo terminais de uso p&uacute;blico; b) infra-etsrutura e equipamentos de rede externa; c) infra-estrutura e equipamentos de ar condicionado; d) infra-estrutura e equipamentos de sistemas de suporte a opera&ccedil;&atilde;o; e f) outros indispens&aacute;veis &agrave; presta&ccedil;&atilde;o do servi&ccedil;o. Ou seja, a infra-estrutura com a qual se constr&oacute;i a rede de banda larga (ou o backhaul) j&aacute; est&aacute; enquadrada como bem revers&iacute;vel.<\/p>\n<p><strong>Confus&atilde;o<\/p>\n<p><\/strong>Para Rodrigo Barbosa, chefe de gabinete da presid&ecirc;ncia da Anatel, s&oacute; foi poss&iacute;vel a troca de metas justamente porque se confirmou juridicamente que esta infra-estrutura faz parte do STFC. Tanto que, explica, o pr&oacute;prio decreto presidencial explicita: &ldquo;o backhaul &eacute; a infra-estrutura de rede de suporte de STFC para conex&atilde;o em banda larga, interligando as redes de acesso ao backbone da operadora.&rdquo; Afirma ele: &ldquo;o backhaul &eacute; revers&iacute;vel, n&atilde;o h&aacute; d&uacute;vida nenhuma&rdquo;.<\/p>\n<p>Para Barbosa, pode estar havendo uma confus&atilde;o de conceitos, entre esta troca de metas e a conex&atilde;o &agrave;s escolas p&uacute;blicas. Enquanto o backhaul integra o STFC, a oferta de internet banda larga &agrave;s escolas, segundo a Lei Geral de Telecomunica&ccedil;&otilde;es, n&atilde;o &eacute; servi&ccedil;o sob concess&atilde;o. Por isso, essa conex&atilde;o se dar&aacute; sob a licen&ccedil;a do servi&ccedil;o de comunica&ccedil;&atilde;o multim&iacute;dia. &ldquo;Embora um dependa do outro, a conex&atilde;o &agrave;s escolas n&atilde;o pode ser confundida com o backhaul&rdquo;, afirma ele. <\/p>\n<p><strong>Minuta<\/p>\n<p><\/strong>Mas a Pro Teste insiste em argumentar que, se a primeira minuta do contrato foi submetida &agrave; avalia&ccedil;&atilde;o pr&eacute;via do conselho consultivo da Anatel, por que a vers&atilde;o definitiva n&atilde;o o foi? <\/p>\n<p><span>Para Barbosa, os poderes de cada inst&acirc;ncia est&atilde;o bem estabelecidos na lei. &ldquo;O conselho consultivo deve analisar os planos de metas de universaliza&ccedil;&atilde;o e os planos de outorgas. Somente o conselho diretor da Anatel tem autonomia e poder para, depois de uma consulta p&uacute;blica, aditivar os contratos de concess&atilde;o. <\/span>E o conselho decidiu que os aditivos contratuais n&atilde;o precisavam reproduzir as cl&aacute;usulas basilares do conte&uacute;do integral.&rdquo; Assim, explica, os dirigentes da Anatel aprovaram a vers&atilde;o final dos contratos, e os assinaram, como sempre.&nbsp; <\/p>\n","protected":false},"excerpt":{"rendered":"<p>Embora a Pro Teste &ndash; Associa&ccedil;&atilde;o Brasileira de Defesa do Consumidor &ndash; insista que o decreto do presidente Lula, que determinou a troca da instala&ccedil;&atilde;o de postos telef&ocirc;nicos pela constru&ccedil;&atilde;o da rede de banda larga como meta de universaliza&ccedil;&atilde;o das concession&aacute;rias de telefonia fixa, &eacute; ilegal e injusto, a justi&ccedil;a federal decidiu negar o pedido &hellip; <a href=\"https:\/\/obscom.intervozes.org.br\/?p=21231\" class=\"more-link\">Continue lendo <span class=\"screen-reader-text\">O backhaul \u00e9 revers\u00edvel. E n\u00e3o poderia ser diferente.<\/span> <span class=\"meta-nav\">&rarr;<\/span><\/a><\/p>\n","protected":false},"author":1,"featured_media":0,"comment_status":"open","ping_status":"open","sticky":false,"template":"","format":"standard","meta":{"footnotes":""},"categories":[42],"tags":[762],"_links":{"self":[{"href":"https:\/\/obscom.intervozes.org.br\/index.php?rest_route=\/wp\/v2\/posts\/21231"}],"collection":[{"href":"https:\/\/obscom.intervozes.org.br\/index.php?rest_route=\/wp\/v2\/posts"}],"about":[{"href":"https:\/\/obscom.intervozes.org.br\/index.php?rest_route=\/wp\/v2\/types\/post"}],"author":[{"embeddable":true,"href":"https:\/\/obscom.intervozes.org.br\/index.php?rest_route=\/wp\/v2\/users\/1"}],"replies":[{"embeddable":true,"href":"https:\/\/obscom.intervozes.org.br\/index.php?rest_route=%2Fwp%2Fv2%2Fcomments&post=21231"}],"version-history":[{"count":0,"href":"https:\/\/obscom.intervozes.org.br\/index.php?rest_route=\/wp\/v2\/posts\/21231\/revisions"}],"wp:attachment":[{"href":"https:\/\/obscom.intervozes.org.br\/index.php?rest_route=%2Fwp%2Fv2%2Fmedia&parent=21231"}],"wp:term":[{"taxonomy":"category","embeddable":true,"href":"https:\/\/obscom.intervozes.org.br\/index.php?rest_route=%2Fwp%2Fv2%2Fcategories&post=21231"},{"taxonomy":"post_tag","embeddable":true,"href":"https:\/\/obscom.intervozes.org.br\/index.php?rest_route=%2Fwp%2Fv2%2Ftags&post=21231"}],"curies":[{"name":"wp","href":"https:\/\/api.w.org\/{rel}","templated":true}]}}