{"id":21230,"date":"2008-05-26T11:46:46","date_gmt":"2008-05-26T11:46:46","guid":{"rendered":"https:\/\/obscom.intervozes.org.br\/wordpress\/?p=21230"},"modified":"2008-05-26T11:46:46","modified_gmt":"2008-05-26T11:46:46","slug":"cade-quer-restricoes-na-operacao-da-oi-tv","status":"publish","type":"post","link":"https:\/\/obscom.intervozes.org.br\/?p=21230","title":{"rendered":"Cade quer restri\u00e7\u00f5es na opera\u00e7\u00e3o da Oi TV"},"content":{"rendered":"<p>Mesmo com pareceres da Anatel e de sua procuradoria para que a compra da Way TV pela Oi fosse aprovada sem restri&ccedil;&otilde;es, o tribunal da concorr&ecirc;ncia dever&aacute; impor restri&ccedil;&otilde;es &agrave; opera&ccedil;&atilde;o da nova Oi TV em algumas pra&ccedil;as do mercado mineiro. A preocupa&ccedil;&atilde;o do conselheiro-relator no Conselho Administrativo de Defesa Econ&ocirc;mica (Cade), Luiz Delorme Prado, n&atilde;o &eacute; o mercado de TV por assinatura, mas sim os impactos que a uni&atilde;o das duas empresas causar&aacute; na oferta de um outro servi&ccedil;o a longo prazo: o de banda larga.<\/p>\n<p>&quot;Como foi demonstrado aqui nas audi&ecirc;ncias p&uacute;blicas (realizadas pelo Cade em 2007), a banda larga &eacute; o grande foco futura da concorr&ecirc;ncia nas telecomunica&ccedil;&otilde;es&quot;, argumentou Prado na apresenta&ccedil;&atilde;o de seu voto em sess&atilde;o nesta quarta-feira, 21. Para proteger a concorr&ecirc;ncia nesse mercado, o conselheiro sugeriu hoje a implementa&ccedil;&atilde;o de uma s&eacute;rie de restri&ccedil;&otilde;es &agrave; opera&ccedil;&atilde;o da Oi TV nas cidades mineiras de Belo Horizonte, Barbacena e Po&ccedil;os de Caldas, onde a concorr&ecirc;ncia seria mais afetada com a compra da Way TV. A decis&atilde;o final sobre as restri&ccedil;&otilde;es foi adiada para a pr&oacute;xima semana uma vez que o relator tentar&aacute; negociar antes a aceita&ccedil;&atilde;o dessas limita&ccedil;&otilde;es pela Oi.<\/p>\n<p><strong>Restri&ccedil;&otilde;es<\/p>\n<p><\/strong>Ao todo, Prado sugere quatro limitadores. O primeiro &eacute; que, na renova&ccedil;&atilde;o do contrato existente entre Way TV e a rede Infovias (gerenciada pela Cemig), seja eliminada qualquer cl&aacute;usula de exclusividade que impe&ccedil;a o uso da rede por outras empresas. A segunda &eacute; que, por dois anos, a empresa n&atilde;o adquira qualquer operadora de MMDS nas cidades de Belo Horizonte, Po&ccedil;os de Caldas e Uberl&acirc;ndia. Outra restri&ccedil;&atilde;o &eacute; que a Oi TV n&atilde;o utilize nenhuma freq&uuml;&ecirc;ncia de MMDS que possua ou venha a adquirir, tamb&eacute;m por dois anos e com foco nas mesmas cidades. Por fim, a empresa ficaria impedida, caso adquira as freq&uuml;&ecirc;ncias, de usar a tecnologia WiMAX na faixa de 3,5 GHz, por dois anos, nas tr&ecirc;s cidades mineiras.<\/p>\n<p>Em princ&iacute;pio, Prado prefere que as ressalvas &agrave; opera&ccedil;&atilde;o sejam acordas com a Oi por meio de um Termo de Compromisso de Desempenho (TCD), documento onde a empresa aceita as restri&ccedil;&otilde;es e se compromete as segui-las, mas sem o peso de uma &quot;aprova&ccedil;&atilde;o com restri&ccedil;&otilde;es&quot;. No caso de um TCD, o Cade acompanharia por meio de encontros regulares o cumprimento das limita&ccedil;&otilde;es impostas. Como este TCD ainda n&atilde;o foi negociado com a Oi, o conselho resolveu adiar a delibera&ccedil;&atilde;o para a pr&oacute;xima semana. Caso o termo seja assinado pelas partes, o documento ainda precisar&aacute; ser aprovado pelo conselho.<\/p>\n<p><strong>Precedente importante<\/p>\n<p><\/strong>A decis&atilde;o que ser&aacute; tomada &eacute; importante porque &eacute; o primeiro caso em que o Cade analisa a compra de uma operadora de TV a cabo por uma concession&aacute;ria de telefonia fixa local. O tribunal tamb&eacute;m analisar&aacute; a compra da TVA pela Telef&ocirc;nica, mas nesse caso a Anatel ainda n&atilde;o concluiu a instru&ccedil;&atilde;o. Trata-se de um caso um pouco mais complexo: a Telef&ocirc;nica passa a deter tamb&eacute;m a opera&ccedil;&atilde;o de MMDS na cidade de S&atilde;o Paulo, justamente o que o Cade quis evitar que ocorresse com a Oi em Belo Horizonte. <\/p>\n","protected":false},"excerpt":{"rendered":"<p>Mesmo com pareceres da Anatel e de sua procuradoria para que a compra da Way TV pela Oi fosse aprovada sem restri&ccedil;&otilde;es, o tribunal da concorr&ecirc;ncia dever&aacute; impor restri&ccedil;&otilde;es &agrave; opera&ccedil;&atilde;o da nova Oi TV em algumas pra&ccedil;as do mercado mineiro. A preocupa&ccedil;&atilde;o do conselheiro-relator no Conselho Administrativo de Defesa Econ&ocirc;mica (Cade), Luiz Delorme Prado, &hellip; <a href=\"https:\/\/obscom.intervozes.org.br\/?p=21230\" class=\"more-link\">Continue lendo <span class=\"screen-reader-text\">Cade quer restri\u00e7\u00f5es na opera\u00e7\u00e3o da Oi TV<\/span> <span class=\"meta-nav\">&rarr;<\/span><\/a><\/p>\n","protected":false},"author":1,"featured_media":0,"comment_status":"open","ping_status":"open","sticky":false,"template":"","format":"standard","meta":{"footnotes":""},"categories":[40],"tags":[768],"_links":{"self":[{"href":"https:\/\/obscom.intervozes.org.br\/index.php?rest_route=\/wp\/v2\/posts\/21230"}],"collection":[{"href":"https:\/\/obscom.intervozes.org.br\/index.php?rest_route=\/wp\/v2\/posts"}],"about":[{"href":"https:\/\/obscom.intervozes.org.br\/index.php?rest_route=\/wp\/v2\/types\/post"}],"author":[{"embeddable":true,"href":"https:\/\/obscom.intervozes.org.br\/index.php?rest_route=\/wp\/v2\/users\/1"}],"replies":[{"embeddable":true,"href":"https:\/\/obscom.intervozes.org.br\/index.php?rest_route=%2Fwp%2Fv2%2Fcomments&post=21230"}],"version-history":[{"count":0,"href":"https:\/\/obscom.intervozes.org.br\/index.php?rest_route=\/wp\/v2\/posts\/21230\/revisions"}],"wp:attachment":[{"href":"https:\/\/obscom.intervozes.org.br\/index.php?rest_route=%2Fwp%2Fv2%2Fmedia&parent=21230"}],"wp:term":[{"taxonomy":"category","embeddable":true,"href":"https:\/\/obscom.intervozes.org.br\/index.php?rest_route=%2Fwp%2Fv2%2Fcategories&post=21230"},{"taxonomy":"post_tag","embeddable":true,"href":"https:\/\/obscom.intervozes.org.br\/index.php?rest_route=%2Fwp%2Fv2%2Ftags&post=21230"}],"curies":[{"name":"wp","href":"https:\/\/api.w.org\/{rel}","templated":true}]}}