{"id":21225,"date":"2008-05-26T10:55:18","date_gmt":"2008-05-26T10:55:18","guid":{"rendered":"https:\/\/obscom.intervozes.org.br\/wordpress\/?p=21225"},"modified":"2008-05-26T10:55:18","modified_gmt":"2008-05-26T10:55:18","slug":"pl-impoe-reducao-de-preco-para-conexao-discada-a-internet","status":"publish","type":"post","link":"https:\/\/obscom.intervozes.org.br\/?p=21225","title":{"rendered":"PL imp\u00f5e redu\u00e7\u00e3o de pre\u00e7o para conex\u00e3o discada \u00e0 Internet"},"content":{"rendered":"<p><span>Nos munic&iacute;pios em que n&atilde;o houver provedor de acesso discado &agrave; Internet, as chamadas telef&ocirc;nicas de longa dist&acirc;ncia para possibilitar o acesso dos internautas ser&atilde;o cobradas no mesmo valor das chamadas locais, de acordo com projeto de lei (PLS 317\/05) do senador Romero Juc&aacute; (PMDB-RR) que teve parecer favor&aacute;vel aprovado nesta quarta-feira, 21\/05, pela Comiss&atilde;o de Constitui&ccedil;&atilde;o, Justi&ccedil;a e Cidadania (CCJ).<\/p>\n<p><\/span><span>O projeto, que teve como relator o senador Arthur Virg&iacute;lio (PSDB-AM), segue para a Comiss&atilde;o de Servi&ccedil;os de Infra-Estrutura (CI), para vota&ccedil;&atilde;o em decis&atilde;o terminativa, ou seja, &agrave;quela tomada por uma comiss&atilde;o, com valor de uma decis&atilde;o do Senado. <\/p>\n<p><\/span><span>Depois de aprovados pela comiss&atilde;o, alguns projetos n&atilde;o v&atilde;o a Plen&aacute;rio: eles s&atilde;o enviados diretamente &agrave; C&acirc;mara dos Deputados, encaminhados &agrave; san&ccedil;&atilde;o, promulgados ou arquivados. Eles somente ser&atilde;o votados pelo Plen&aacute;rio do Senado se recurso com esse objetivo, assinado por pelo menos nove senadores, for apresentado ao presidente da Casa. <\/p>\n<p><\/span><span>Para Romero Juc&aacute;, a sua proposta tem por meta oferecer aos habitantes das pequenas cidades brasileiras substancial redu&ccedil;&atilde;o nos custos das liga&ccedil;&otilde;es telef&ocirc;nicas necess&aacute;rias ao acesso &agrave; internet. De acordo com ele, isso ir&aacute; propiciar a essa popula&ccedil;&atilde;o &quot;a intera&ccedil;&atilde;o com o resto do mundo nas mesmas condi&ccedil;&otilde;es de que gozam os moradores dos grande centros&quot;.<\/p>\n<p><\/span><span><strong>Internet em n&uacute;meros<\/p>\n<p><\/strong><\/span><span>Segundo dados recentes divulgados por entidades como a ABRANET- de abril\/08 &#8211; existem, hoje, cerca de 1700 pequenos provedores, distribu&iacute;dos por diversas localidades no Brasil, boa parte deles ofertando banda larga por meio de redes sem fio, uma vez que em muitas localidades, a infra-estrutura de telecomunica&ccedil;&otilde;es das concession&aacute;rias fixas n&atilde;o chega.<\/p>\n<p><\/span><span>Empresarialmente o uso do acesso discado ainda &eacute; realidade. Segundo pesquisa feita pelo Nic.br, e divulgada nesta ter&ccedil;a-feira, 20\/05, 8% das empresas ainda utilizam a conex&atilde;o dial-up via telefone para trem acesso &agrave; Internet. Os maiores percentuais de uso da conex&atilde;o discada est&atilde;o nas regi&otilde;es Norte (10%) e Nordeste (9%). No Sul, o &iacute;ndice &eacute; de 6%. <\/p>\n<p><\/span><span>Estudo TIC Domic&iacute;lios 2007, divulgado em mar&ccedil;o deste ano, pelo NIC.br, revela a dificuldade de acesso e o modelo que desponta como o &quot;meio&quot; para fomentar o acesso &agrave; Internet nas localidades de menor poder aquisitivo: As &quot;Lan Houses&quot;, onde o p&uacute;blico paga um valor pequeno para navegar na Web. No estudo, 49% dos brasileiros acessam &agrave; Internet por meio das lan houses. Em muitos casos, os telecentros, unidades criadas pelo poder p&uacute;blico para fomentar o uso da Web, n&atilde;o t&ecirc;m o mesmo apelo, mesmo tendo registrado um crescimento de 3% para 6%. <\/p>\n<p><\/span><span>O Projeto de Lei do Senador Romero Juc&aacute; pode criar conflitos com as concession&aacute;rias de telefonia fixa, uma vez que elas det&ecirc;m a infra-estrutura e ter&atilde;o suas receitas afetadas &#8211; j&aacute; que uma liga&ccedil;&atilde;o interurbana &eacute; mais cara do que uma local &#8211; assim como tamb&eacute;m pode afetar as operadoras m&oacute;veis que t&ecirc;m um cronograma de universaliza&ccedil;&atilde;o a cumprir em fun&ccedil;&atilde;o da oferta comercial de Terceira Gera&ccedil;&atilde;o.<\/span><\/p>\n","protected":false},"excerpt":{"rendered":"<p>Nos munic&iacute;pios em que n&atilde;o houver provedor de acesso discado &agrave; Internet, as chamadas telef&ocirc;nicas de longa dist&acirc;ncia para possibilitar o acesso dos internautas ser&atilde;o cobradas no mesmo valor das chamadas locais, de acordo com projeto de lei (PLS 317\/05) do senador Romero Juc&aacute; (PMDB-RR) que teve parecer favor&aacute;vel aprovado nesta quarta-feira, 21\/05, pela Comiss&atilde;o &hellip; <a href=\"https:\/\/obscom.intervozes.org.br\/?p=21225\" class=\"more-link\">Continue lendo <span class=\"screen-reader-text\">PL imp\u00f5e redu\u00e7\u00e3o de pre\u00e7o para conex\u00e3o discada \u00e0 Internet<\/span> <span class=\"meta-nav\">&rarr;<\/span><\/a><\/p>\n","protected":false},"author":1,"featured_media":0,"comment_status":"open","ping_status":"open","sticky":false,"template":"","format":"standard","meta":{"footnotes":""},"categories":[40],"tags":[178],"_links":{"self":[{"href":"https:\/\/obscom.intervozes.org.br\/index.php?rest_route=\/wp\/v2\/posts\/21225"}],"collection":[{"href":"https:\/\/obscom.intervozes.org.br\/index.php?rest_route=\/wp\/v2\/posts"}],"about":[{"href":"https:\/\/obscom.intervozes.org.br\/index.php?rest_route=\/wp\/v2\/types\/post"}],"author":[{"embeddable":true,"href":"https:\/\/obscom.intervozes.org.br\/index.php?rest_route=\/wp\/v2\/users\/1"}],"replies":[{"embeddable":true,"href":"https:\/\/obscom.intervozes.org.br\/index.php?rest_route=%2Fwp%2Fv2%2Fcomments&post=21225"}],"version-history":[{"count":0,"href":"https:\/\/obscom.intervozes.org.br\/index.php?rest_route=\/wp\/v2\/posts\/21225\/revisions"}],"wp:attachment":[{"href":"https:\/\/obscom.intervozes.org.br\/index.php?rest_route=%2Fwp%2Fv2%2Fmedia&parent=21225"}],"wp:term":[{"taxonomy":"category","embeddable":true,"href":"https:\/\/obscom.intervozes.org.br\/index.php?rest_route=%2Fwp%2Fv2%2Fcategories&post=21225"},{"taxonomy":"post_tag","embeddable":true,"href":"https:\/\/obscom.intervozes.org.br\/index.php?rest_route=%2Fwp%2Fv2%2Ftags&post=21225"}],"curies":[{"name":"wp","href":"https:\/\/api.w.org\/{rel}","templated":true}]}}