{"id":21216,"date":"2008-05-21T11:29:14","date_gmt":"2008-05-21T11:29:14","guid":{"rendered":"https:\/\/obscom.intervozes.org.br\/wordpress\/?p=21216"},"modified":"2008-05-21T11:29:14","modified_gmt":"2008-05-21T11:29:14","slug":"projeto-que-altera-lei-do-fust-deve-priorizar-projetos-educacionais","status":"publish","type":"post","link":"https:\/\/obscom.intervozes.org.br\/?p=21216","title":{"rendered":"Projeto que altera Lei do Fust deve priorizar projetos educacionais"},"content":{"rendered":"<p>A comiss&atilde;o especial respons&aacute;vel pela an&aacute;lise do Projeto de Lei 1481\/07, que prop&otilde;e mudan&ccedil;as no Fundo de Universaliza&ccedil;&atilde;o dos Servi&ccedil;os de Telecomunica&ccedil;&otilde;es (FUST), teve nesta ter&ccedil;a-feira (19) sua &uacute;ltima audi&ecirc;ncia p&uacute;blica. Poucos parlamentares assistiram &agrave; apresenta&ccedil;&atilde;o do representante do Minist&eacute;rio do Planejamento, Rog&eacute;rio Santana, e da prefeita da cidade de Tau&aacute; (CE), Patr&iacute;cia Gomes de Aguiar. <\/p>\n<p>Na reuni&atilde;o, o relator da mat&eacute;ria na C&acirc;mara dos Deputados, Paulo Henrique Lustosa (PMDB-CE), anunciou que a primeira vers&atilde;o de seu substitutivo dever&aacute; estar pronta na pr&oacute;xima reuni&atilde;o da comiss&atilde;o, marcada para o dia 27 (ter&ccedil;a-feira). O novo texto dever&aacute; trazer um conjunto de ajustes que, segundo o deputado, n&atilde;o v&atilde;o alterar totalmente o conte&uacute;do da proposta original, de autoria do senador Alo&iacute;sio Mercadante (PT-SP).<\/p>\n<p>Com o lan&ccedil;amento pelo governo federal do Programa Banda Larga nas Escolas, que pretende levar o servi&ccedil;o a 55 mil institui&ccedil;&otilde;es de ensino, a expectativa era que o projeto 1481\/07 fosse reformulado em rela&ccedil;&atilde;o &agrave; prioridade que o texto atual atribui ao uso da verba do FUST para a conex&atilde;o de escolas, que prev&ecirc; a meta de que todas disponham de acesso &agrave; internet at&eacute; 2013. <\/p>\n<p>No entanto, o relator n&atilde;o pretende mudar este car&aacute;ter da mat&eacute;ria. &ldquo;Vamos manter a prioridade para projetos de conectividade relacionados &agrave; educa&ccedil;&atilde;o, mas n&atilde;o faz sentido manter o percentual de aplica&ccedil;&atilde;o de 75% se j&aacute; h&aacute; o Banda Larga nas Escolas&rdquo;, comentou Lustosa. A proposta &eacute; que o Fundo financie o acesso das institui&ccedil;&otilde;es que n&atilde;o forem contempladas pelo programa do governo federal, especialmente aquelas na &aacute;rea rural. Al&eacute;m disso, cogita-se utilizar o FUST tamb&eacute;m como um complemento &agrave; iniciativa do Executivo Federal no custeio das despesas com compra de equipamentos ou manuten&ccedil;&atilde;o dos laborat&oacute;rios das escolas. <\/p>\n<p>Como provavelmente haver&aacute; uma sobra de recursos, a id&eacute;ia do relator &eacute; que parte deles seja aplicado em outras pol&iacute;ticas p&uacute;blicas, como sa&uacute;de e seguran&ccedil;a p&uacute;blica, e em projetos de universaliza&ccedil;&atilde;o. Estes &uacute;ltimos poderiam ser desenvolvidos pelas prestadoras de servi&ccedil;o de banda larga, por entes p&uacute;blicos &ndash; como prefeituras e governos estaduais &ndash; e por organiza&ccedil;&otilde;es da sociedade civil. <\/p>\n<p><strong>Uso p&uacute;blico<\/strong>&nbsp;<\/p>\n<p>O representante do Minist&eacute;rio do Planejamento defendeu a nova reda&ccedil;&atilde;o do projeto por permitir o acesso por parte das prefeituras, pois somente elas poderiam cumprir o papel de instalar infra-estrutura de conex&atilde;o em locais que n&atilde;o s&atilde;o rent&aacute;veis &agrave;s operadoras. Mas recomendou que este mecanismo deve garantir o uso p&uacute;blico das redes instaladas. &ldquo;&Eacute; fundamental construir redes que sejam n&atilde;o apenas da prefeitura. Ao construir nova infra-estrutura ela deveria ser p&uacute;blica, compartilhada entre os diferentes agentes que est&atilde;o na regi&atilde;o&rdquo;.<\/p>\n<p>De acordo com o relator, os recursos poder&atilde;o financiar projetos nas modalidades de custeio e investimento. Ou seja, poderiam ser custadas iniciativas de constru&ccedil;&atilde;o de infra-estrutura de acesso &agrave; Internet, mas tamb&eacute;m a manuten&ccedil;&atilde;o de espa&ccedil;os e estruturas j&aacute; existentes. Segundo Lustosa, a forma de acesso se daria tanto pela apresenta&ccedil;&atilde;o de projetos por parte destes agentes quanto pela oferta de editais para categorias espec&iacute;ficas, como a constru&ccedil;&atilde;o de redes comunit&aacute;rias, infra-estrutura de conex&atilde;o ou a interliga&ccedil;&atilde;o de institui&ccedil;&otilde;es p&uacute;blicas.<\/p>\n<p>Um dos pontos que podem gerar pol&ecirc;mica &eacute; quem vai decidir a escolha destes projetos ou as &aacute;reas de aloca&ccedil;&atilde;o dos recursos. Na Lei do FUST, esta &eacute; uma responsabilidade da Anatel. Rog&eacute;rio Santana sugeriu que a estrutura de gest&atilde;o fosse colegiada na forma de um comit&ecirc;. Ele defendeu ainda que o Projeto de Lei n&atilde;o trouxesse j&aacute; uma divis&atilde;o pr&eacute;via por categoria ou &aacute;rea para aloca&ccedil;&atilde;o das verbas, mas que isso fosse definido no &acirc;mbito desta inst&acirc;ncia. <\/p>\n<p>Paulo Henrique Lustosa se mostrou simp&aacute;tico &agrave; id&eacute;ia. A presen&ccedil;a de outros &oacute;rg&atilde;os daria uma &ldquo;guarida institucional&rdquo; e protegeria a Anatel de arcar sozinha com poss&iacute;veis cr&iacute;ticas sobre as escolhas acerca dos destinos do dinheiro do Fundo. Al&eacute;m disso, um outro elemento &eacute; a fragilidade da ag&ecirc;ncia na dimens&atilde;o pol&iacute;tica que a avalia&ccedil;&atilde;o dos projetos vai requerer. <\/p>\n<p>Para Jo&atilde;o Brant, do Intervozes,&nbsp;&eacute; preciso&nbsp;ir al&eacute;m das mudan&ccedil;as propostas pela nova vers&atilde;o do projeto. &quot;N&atilde;o faz sentido mudar a lei do FUST para permitir que ele seja usado para estimular servi&ccedil;os prestados em regime privado. &Eacute; preciso alterar a Lei Geral de Telecomunica&ccedil;&otilde;es para transformar a banda larga em um servi&ccedil;o prestado em regime p&uacute;blico. Somente assim ser&aacute; poss&iacute;vel garantir que o Estado tenha forte papel n&atilde;o s&oacute; na execu&ccedil;&atilde;o como na regula&ccedil;&atilde;o da oferta deste tipo de bem, garantindo sua universaliza&ccedil;&atilde;o, continuidade e controle de pre&ccedil;os&quot;.<\/p>\n<p>Uma primeira medida neste sentido seria&nbsp;a destina&ccedil;&atilde;o de recursos&nbsp;do Fundo para custear a constru&ccedil;&atilde;o de uma infra-estrutura p&uacute;blica nacional de acesso &agrave; internet por banda larga a partir da malha de fibras &oacute;ticas que o governo federal j&aacute; possui.<\/p>\n<p><strong>Tramita&ccedil;&atilde;o<\/p>\n<p><\/strong>Se o relat&oacute;rio do deputado cearense for votado na Comiss&atilde;o Especial at&eacute; a primeira quinzena de junho, h&aacute; um acordo garantindo sua ida ao plen&aacute;rio j&aacute; na segunda quinzena do mesmo m&ecirc;s. Se for aprovado pelo conjunto dos deputados, a mat&eacute;ria volta ao Senado, onde a proposta foi originada.<\/p>\n","protected":false},"excerpt":{"rendered":"<p>Relator vai manter prioridade para projetos educacionais, mas deve retirar o limite m\u00ednimo de que 75% das verbas seja utilizado para este fim; prefeituras e organiza\u00e7\u00f5es da sociedade poder\u00e3o pleitear recursos.<\/p>\n","protected":false},"author":1,"featured_media":0,"comment_status":"open","ping_status":"open","sticky":false,"template":"","format":"standard","meta":{"footnotes":""},"categories":[40],"tags":[451],"_links":{"self":[{"href":"https:\/\/obscom.intervozes.org.br\/index.php?rest_route=\/wp\/v2\/posts\/21216"}],"collection":[{"href":"https:\/\/obscom.intervozes.org.br\/index.php?rest_route=\/wp\/v2\/posts"}],"about":[{"href":"https:\/\/obscom.intervozes.org.br\/index.php?rest_route=\/wp\/v2\/types\/post"}],"author":[{"embeddable":true,"href":"https:\/\/obscom.intervozes.org.br\/index.php?rest_route=\/wp\/v2\/users\/1"}],"replies":[{"embeddable":true,"href":"https:\/\/obscom.intervozes.org.br\/index.php?rest_route=%2Fwp%2Fv2%2Fcomments&post=21216"}],"version-history":[{"count":0,"href":"https:\/\/obscom.intervozes.org.br\/index.php?rest_route=\/wp\/v2\/posts\/21216\/revisions"}],"wp:attachment":[{"href":"https:\/\/obscom.intervozes.org.br\/index.php?rest_route=%2Fwp%2Fv2%2Fmedia&parent=21216"}],"wp:term":[{"taxonomy":"category","embeddable":true,"href":"https:\/\/obscom.intervozes.org.br\/index.php?rest_route=%2Fwp%2Fv2%2Fcategories&post=21216"},{"taxonomy":"post_tag","embeddable":true,"href":"https:\/\/obscom.intervozes.org.br\/index.php?rest_route=%2Fwp%2Fv2%2Ftags&post=21216"}],"curies":[{"name":"wp","href":"https:\/\/api.w.org\/{rel}","templated":true}]}}